{"id":101,"date":"2021-07-21T08:38:19","date_gmt":"2021-07-21T11:38:19","guid":{"rendered":"https:\/\/interessatb.com.br\/?p=101"},"modified":"2022-08-21T11:45:10","modified_gmt":"2022-08-21T14:45:10","slug":"ministro-da-educacao-conclamou-em-rede-nacional-o-retorno-as-aulas-presencias","status":"publish","type":"post","link":"https:\/\/interessatb.com.br\/?p=101","title":{"rendered":"Ministro da Educa\u00e7\u00e3o conclama o retorno \u00e0s aulas presenciais. Como est\u00e1 a situa\u00e7\u00e3o em Tel\u00eamaco Borba"},"content":{"rendered":"\n<p>Em pronunciamento feito nesta noite de 20 de julho em rede nacional, o Ministro da Educa\u00e7\u00e3o Milton Ribeiro conclamou o pa\u00eds para o retorno \u00e0s aulas presenciais. Deixou claro que esta n\u00e3o \u00e9 uma decis\u00e3o do governo federal para a educa\u00e7\u00e3o b\u00e1sica, j\u00e1 que estados e munic\u00edpios tem autonomia sobre suas pr\u00f3prias redes de ensino. Ressaltou que o Brasil \u00e9 um dos poucos pa\u00edses que ainda n\u00e3o retornou com as aulas presenciais.<\/p>\n\n\n\n<p>Destacou que foram elaborados protocolos seguros para o retorno \u00e0s aulas e que o governo federal prestar\u00e1 apoio t\u00e9cnico e financeiro \u00e0 todas as redes educacionais do pa\u00eds. Informou que foram investidos mais de R$ 1,7 bilh\u00e3o para o enfrentamento da COVID nas escolas p\u00fablicas. &#8220;O retorno \u00e0s aulas presenciais \u00e9 uma necessidade urgente&#8221; sentenciou.<\/p>\n\n\n\n<h2 class=\"wp-block-heading\">Paran\u00e1<\/h2>\n\n\n\n<p>O estado <a href=\"https:\/\/www.educacao.pr.gov.br\/Noticia\/Rede-Estadual-inicia-o-segundo-semestre-letivo-com-mais-de-80-das-escolas-abertas\" data-type=\"URL\" data-id=\"https:\/\/www.educacao.pr.gov.br\/Noticia\/Rede-Estadual-inicia-o-segundo-semestre-letivo-com-mais-de-80-das-escolas-abertas\">anunciou em seu portal<\/a> da SEED (Secretaria Estadual da Educa\u00e7\u00e3o do PR) que nesta quarta-feira, 21, estar\u00e1 retornando \u00e0s aulas com mais de 80% das escolas abertas. O retorno presencial n\u00e3o \u00e9 obrigat\u00f3rio. Para que os estudantes possam participar das aulas presenciais, pais, m\u00e3es ou respons\u00e1veis legais devem assinar um termo de autoriza\u00e7\u00e3o e entregar na institui\u00e7\u00e3o de ensino.<\/p>\n\n\n\n<h2 class=\"wp-block-heading\">Tel\u00eamaco Borba<\/h2>\n\n\n\n<p>No munic\u00edpio as escolas privadas que optaram pelo modelo h\u00edbrido retornam \u00e0s aulas hoje. Os protocolos s\u00e3o r\u00edgidos e a orienta\u00e7\u00e3o \u00e9 seguir um calend\u00e1rio de escalonamento. Para respeitar o distanciamento na sala de aula alguns alunos (que optarem) estar\u00e3o presencialmente em sala de aula e os demais assistir\u00e3o de forma online. A rede p\u00fablica estadual segue as determina\u00e7\u00f5es da SEED.<\/p>\n\n\n\n<p>A rede municipal segue com as aulas remotas apenas. Um comit\u00ea para para estudar o retorno \u00e0s aulas p\u00f3s-pandemia foi criado. Este comit\u00ea definiu o retorno para o dia 02 de agosto, funcionando com menor quantidade de alunos por sala e tamb\u00e9m seguindo um escalonamento. As enquetes junto aos pais, m\u00e3es e respons\u00e1veis que desejam o retorno presencial dos filhos j\u00e1 est\u00e3o em processo de finaliza\u00e7\u00e3o.<\/p>\n\n\n\n<p>O IFPR Campus de Tel\u00eamaco Borba segue as determina\u00e7\u00f5es da reitoria da institui\u00e7\u00e3o, que emitiu <a href=\"https:\/\/sei.ifpr.edu.br\/sei\/controlador_externo.php?acao=documento_conferir&amp;codigo_verificador=1274779&amp;codigo_crc=8ABBA115&amp;hash_download=1bc372bb542d2ad7be7e906932719044cc894f43e9d44900ac67df54a334364e11f986f90a1d7d277764846641db6955667f9b99de630e49c280bd6a26ffeceb&amp;visualizacao=1&amp;id_orgao_acesso_externo=0\">decreto<\/a> prorrogando a suspens\u00e3o das atividades presenciais, acad\u00eamicas e administrativas at\u00e9 30 de setembro.<\/p>\n","protected":false},"excerpt":{"rendered":"<div class=\"mh-excerpt\"><p>Em pronunciamento feito nesta noite de 20 de julho em rede nacional, o Ministro da Educa\u00e7\u00e3o Milton Ribeiro conclamou o pa\u00eds para o retorno \u00e0s <a class=\"mh-excerpt-more\" href=\"https:\/\/interessatb.com.br\/?p=101\" title=\"Ministro da Educa\u00e7\u00e3o conclama o retorno \u00e0s aulas presenciais. Como est\u00e1 a situa\u00e7\u00e3o em Tel\u00eamaco Borba\">[&#8230;]<\/a><\/p>\n<\/div>","protected":false},"author":1,"featured_media":1293,"comment_status":"closed","ping_status":"closed","sticky":false,"template":"","format":"standard","meta":{"footnotes":""},"categories":[16,2,5],"tags":[],"class_list":["post-101","post","type-post","status-publish","format-standard","has-post-thumbnail","hentry","category-brasil","category-cidade","category-educacao"],"_links":{"self":[{"href":"https:\/\/interessatb.com.br\/index.php?rest_route=\/wp\/v2\/posts\/101","targetHints":{"allow":["GET"]}}],"collection":[{"href":"https:\/\/interessatb.com.br\/index.php?rest_route=\/wp\/v2\/posts"}],"about":[{"href":"https:\/\/interessatb.com.br\/index.php?rest_route=\/wp\/v2\/types\/post"}],"author":[{"embeddable":true,"href":"https:\/\/interessatb.com.br\/index.php?rest_route=\/wp\/v2\/users\/1"}],"replies":[{"embeddable":true,"href":"https:\/\/interessatb.com.br\/index.php?rest_route=%2Fwp%2Fv2%2Fcomments&post=101"}],"version-history":[{"count":1,"href":"https:\/\/interessatb.com.br\/index.php?rest_route=\/wp\/v2\/posts\/101\/revisions"}],"predecessor-version":[{"id":1294,"href":"https:\/\/interessatb.com.br\/index.php?rest_route=\/wp\/v2\/posts\/101\/revisions\/1294"}],"wp:featuredmedia":[{"embeddable":true,"href":"https:\/\/interessatb.com.br\/index.php?rest_route=\/wp\/v2\/media\/1293"}],"wp:attachment":[{"href":"https:\/\/interessatb.com.br\/index.php?rest_route=%2Fwp%2Fv2%2Fmedia&parent=101"}],"wp:term":[{"taxonomy":"category","embeddable":true,"href":"https:\/\/interessatb.com.br\/index.php?rest_route=%2Fwp%2Fv2%2Fcategories&post=101"},{"taxonomy":"post_tag","embeddable":true,"href":"https:\/\/interessatb.com.br\/index.php?rest_route=%2Fwp%2Fv2%2Ftags&post=101"}],"curies":[{"name":"wp","href":"https:\/\/api.w.org\/{rel}","templated":true}]}}