{"id":125,"date":"2021-07-26T08:20:55","date_gmt":"2021-07-26T11:20:55","guid":{"rendered":"https:\/\/interessatb.com.br\/?p=125"},"modified":"2022-08-21T11:44:06","modified_gmt":"2022-08-21T14:44:06","slug":"prefeitura-de-telemaco-borba-retorna-ao-atendimento-normal-do-publico-a-partir-de-16-de-agosto","status":"publish","type":"post","link":"https:\/\/interessatb.com.br\/?p=125","title":{"rendered":"Prefeitura de Tel\u00eamaco Borba volta a atender o p\u00fablico em hor\u00e1rio normal a partir de 16 de agosto"},"content":{"rendered":"\n<p>Ap\u00f3s limita\u00e7\u00e3o do atendimento ao p\u00fablico como medida restritiva de combate \u00e0 pandemia de COVID-19, a prefeitura retornar\u00e1 ao atendimento presencial. Os setores que sofreram a medida est\u00e3o realizando os \u00faltimos ajustes para o retorno com seguran\u00e7a.<\/p>\n\n\n\n<p>Segundo o portal da prefeitura voltam ao hor\u00e1rio antigo todos os setores de atendimento. O hor\u00e1rio normal de atendimento volta a ser das 8 horas \u00e0s 11horas e 30 minutos e das 13 horas \u00e0s 17 horas e 30 minutos, a partir de 16 de agosto.<\/p>\n","protected":false},"excerpt":{"rendered":"<div class=\"mh-excerpt\"><p>Ap\u00f3s limita\u00e7\u00e3o do atendimento ao p\u00fablico como medida restritiva de combate \u00e0 pandemia de COVID-19, a prefeitura retornar\u00e1 ao atendimento presencial. Os setores que sofreram <a class=\"mh-excerpt-more\" href=\"https:\/\/interessatb.com.br\/?p=125\" title=\"Prefeitura de Tel\u00eamaco Borba volta a atender o p\u00fablico em hor\u00e1rio normal a partir de 16 de agosto\">[&#8230;]<\/a><\/p>\n<\/div>","protected":false},"author":1,"featured_media":1291,"comment_status":"closed","ping_status":"closed","sticky":false,"template":"","format":"standard","meta":{"footnotes":""},"categories":[2],"tags":[],"class_list":["post-125","post","type-post","status-publish","format-standard","has-post-thumbnail","hentry","category-cidade"],"_links":{"self":[{"href":"https:\/\/interessatb.com.br\/index.php?rest_route=\/wp\/v2\/posts\/125","targetHints":{"allow":["GET"]}}],"collection":[{"href":"https:\/\/interessatb.com.br\/index.php?rest_route=\/wp\/v2\/posts"}],"about":[{"href":"https:\/\/interessatb.com.br\/index.php?rest_route=\/wp\/v2\/types\/post"}],"author":[{"embeddable":true,"href":"https:\/\/interessatb.com.br\/index.php?rest_route=\/wp\/v2\/users\/1"}],"replies":[{"embeddable":true,"href":"https:\/\/interessatb.com.br\/index.php?rest_route=%2Fwp%2Fv2%2Fcomments&post=125"}],"version-history":[{"count":1,"href":"https:\/\/interessatb.com.br\/index.php?rest_route=\/wp\/v2\/posts\/125\/revisions"}],"predecessor-version":[{"id":1292,"href":"https:\/\/interessatb.com.br\/index.php?rest_route=\/wp\/v2\/posts\/125\/revisions\/1292"}],"wp:featuredmedia":[{"embeddable":true,"href":"https:\/\/interessatb.com.br\/index.php?rest_route=\/wp\/v2\/media\/1291"}],"wp:attachment":[{"href":"https:\/\/interessatb.com.br\/index.php?rest_route=%2Fwp%2Fv2%2Fmedia&parent=125"}],"wp:term":[{"taxonomy":"category","embeddable":true,"href":"https:\/\/interessatb.com.br\/index.php?rest_route=%2Fwp%2Fv2%2Fcategories&post=125"},{"taxonomy":"post_tag","embeddable":true,"href":"https:\/\/interessatb.com.br\/index.php?rest_route=%2Fwp%2Fv2%2Ftags&post=125"}],"curies":[{"name":"wp","href":"https:\/\/api.w.org\/{rel}","templated":true}]}}