{"id":131,"date":"2021-07-28T07:52:17","date_gmt":"2021-07-28T10:52:17","guid":{"rendered":"https:\/\/interessatb.com.br\/?p=131"},"modified":"2022-08-21T11:42:48","modified_gmt":"2022-08-21T14:42:48","slug":"ortigueira-apresenta-o-menor-numero-de-casos-registrados-de-covid-19-desde-janeiro-deste-ano","status":"publish","type":"post","link":"https:\/\/interessatb.com.br\/?p=131","title":{"rendered":"Ortigueira apresenta o menor n\u00famero de casos registrados de Covid-19 desde janeiro deste ano"},"content":{"rendered":"\n<p>Conforme dados da Secretaria Municipal de Sa\u00fade e Vigil\u00e2ncia Epidemiol\u00f3gica de Ortigueira, at\u00e9 o momento, o munic\u00edpio apresentou 79 casos registrados de Covid-19 em julho. Este \u00e9 o menor n\u00famero de casos registrados desde janeiro deste ano. No primeiro m\u00eas do ano 141 casos haviam sido confirmados. No auge da pandemia neste ano Ortigueira registrou 638 casos. <\/p>\n\n\n\n<p>O munic\u00edpio comemora a curva descendente no n\u00famero de casos. Seguem as a\u00e7\u00f5es de vacina\u00e7\u00e3o e a Secretaria de Sa\u00fade e Vigil\u00e2ncia Epidemiol\u00f3gica continua a recomendar atitudes como o uso de m\u00e1scaras, higieniza\u00e7\u00e3o das m\u00e3os com \u00e1lcool em gel, respeitar o distanciamento social e evitar aglomera\u00e7\u00f5es.<\/p>\n\n\n\n<figure class=\"wp-block-image\"><img decoding=\"async\" src=\"https:\/\/www.controlemunicipal.com.br\/inga\/sistema\/imagens\/12113\/tb_270721160924_casos_covid_png.PNG\" alt=\"\"\/><figcaption>Extra\u00eddo do site de divulga\u00e7\u00e3o da prefeitura municipal de Ortigueira<\/figcaption><\/figure>\n","protected":false},"excerpt":{"rendered":"<div class=\"mh-excerpt\"><p>Conforme dados da Secretaria Municipal de Sa\u00fade e Vigil\u00e2ncia Epidemiol\u00f3gica de Ortigueira, at\u00e9 o momento, o munic\u00edpio apresentou 79 casos registrados de Covid-19 em julho. <a class=\"mh-excerpt-more\" href=\"https:\/\/interessatb.com.br\/?p=131\" title=\"Ortigueira apresenta o menor n\u00famero de casos registrados de Covid-19 desde janeiro deste ano\">[&#8230;]<\/a><\/p>\n<\/div>","protected":false},"author":1,"featured_media":1289,"comment_status":"closed","ping_status":"closed","sticky":false,"template":"","format":"standard","meta":{"footnotes":""},"categories":[14,15],"tags":[],"class_list":["post-131","post","type-post","status-publish","format-standard","has-post-thumbnail","hentry","category-regiao","category-saude"],"_links":{"self":[{"href":"https:\/\/interessatb.com.br\/index.php?rest_route=\/wp\/v2\/posts\/131","targetHints":{"allow":["GET"]}}],"collection":[{"href":"https:\/\/interessatb.com.br\/index.php?rest_route=\/wp\/v2\/posts"}],"about":[{"href":"https:\/\/interessatb.com.br\/index.php?rest_route=\/wp\/v2\/types\/post"}],"author":[{"embeddable":true,"href":"https:\/\/interessatb.com.br\/index.php?rest_route=\/wp\/v2\/users\/1"}],"replies":[{"embeddable":true,"href":"https:\/\/interessatb.com.br\/index.php?rest_route=%2Fwp%2Fv2%2Fcomments&post=131"}],"version-history":[{"count":1,"href":"https:\/\/interessatb.com.br\/index.php?rest_route=\/wp\/v2\/posts\/131\/revisions"}],"predecessor-version":[{"id":1290,"href":"https:\/\/interessatb.com.br\/index.php?rest_route=\/wp\/v2\/posts\/131\/revisions\/1290"}],"wp:featuredmedia":[{"embeddable":true,"href":"https:\/\/interessatb.com.br\/index.php?rest_route=\/wp\/v2\/media\/1289"}],"wp:attachment":[{"href":"https:\/\/interessatb.com.br\/index.php?rest_route=%2Fwp%2Fv2%2Fmedia&parent=131"}],"wp:term":[{"taxonomy":"category","embeddable":true,"href":"https:\/\/interessatb.com.br\/index.php?rest_route=%2Fwp%2Fv2%2Fcategories&post=131"},{"taxonomy":"post_tag","embeddable":true,"href":"https:\/\/interessatb.com.br\/index.php?rest_route=%2Fwp%2Fv2%2Ftags&post=131"}],"curies":[{"name":"wp","href":"https:\/\/api.w.org\/{rel}","templated":true}]}}