{"id":138,"date":"2021-07-29T08:15:13","date_gmt":"2021-07-29T11:15:13","guid":{"rendered":"https:\/\/interessatb.com.br\/?p=138"},"modified":"2022-08-21T11:40:34","modified_gmt":"2022-08-21T14:40:34","slug":"parana-recebe-640-420-doses-de-vacinas-esta-semana","status":"publish","type":"post","link":"https:\/\/interessatb.com.br\/?p=138","title":{"rendered":"Paran\u00e1 recebe 640.420 doses de vacinas esta semana"},"content":{"rendered":"\n<p>O \u00faltimo lote das vacinas contra a Covid-19 enviadas nesta semana pelo Minist\u00e9rio da Sa\u00fade chegou ao Paran\u00e1 no in\u00edcio da noite desta quarta-feira (28). S\u00e3o 118.170 doses do imunizante Comirnaty, produzido pela Pfizer\/BioNTech.<\/p>\n\n\n<div class=\"wp-block-image\">\n<figure class=\"alignleft size-full\"><img loading=\"lazy\" decoding=\"async\" width=\"300\" height=\"250\" src=\"http:\/\/interessatb.com.br\/wp-content\/uploads\/2022\/03\/baixa_resolucao_castelo.png\" alt=\"\" class=\"wp-image-987\"\/><\/figure>\n<\/div>\n\n\n<p>Parte dele (50.310) \u00e9 destinado&nbsp;a&nbsp;dar continuidade \u00e0 vacina\u00e7\u00e3o com a primeira dose&nbsp;e o restante (67.860) \u00e9 para a segunda aplica\u00e7\u00e3o em pessoas com comorbidades, defici\u00eancia permanente, gestantes e pu\u00e9rperas vacinadas no primeiro semestre.&nbsp;<\/p>\n\n\n\n<p>Com essa nova remessa, que chegou \u00e0s 20h30&nbsp;no Centro de Medicamentos do Paran\u00e1 (Cemepar), o Estado completa o recebimento de&nbsp;<a rel=\"noreferrer noopener\" href=\"https:\/\/www.aen.pr.gov.br\/modules\/noticias\/article.php?storyid=114071&amp;tit=Parana-recebera-mais-649.420-vacinas-contra-a-Covid-19-nesta-semana\" target=\"_blank\">649.420 doses<\/a>&nbsp;de imunizantes em dois dias. A maioria (80%), no entanto, \u00e9 destinada \u00e0 segunda aplica\u00e7\u00e3o e as demais dar\u00e3o continuidade \u00e0&nbsp;imuniza\u00e7\u00e3o por faixa et\u00e1ria.<\/p>\n\n\n\n<p>Com essa \u00faltima remessa, o Paran\u00e1 recebeu 9.671.370 doses de vacinas do Minist\u00e9rio da Sa\u00fade, sendo que 7.830.008 j\u00e1 foram aplicadas nos bra\u00e7os dos paranaenses. At\u00e9 agora, 5.951.781 pessoas foram vacinadas no Paran\u00e1, o que corresponde a 68,2% da popula\u00e7\u00e3o adulta do Estado, sendo que um quarto j\u00e1 est\u00e1 completamente imunizada.<\/p>\n","protected":false},"excerpt":{"rendered":"<div class=\"mh-excerpt\"><p>O \u00faltimo lote das vacinas contra a Covid-19 enviadas nesta semana pelo Minist\u00e9rio da Sa\u00fade chegou ao Paran\u00e1 no in\u00edcio da noite desta quarta-feira (28). <a class=\"mh-excerpt-more\" href=\"https:\/\/interessatb.com.br\/?p=138\" title=\"Paran\u00e1 recebe 640.420 doses de vacinas esta semana\">[&#8230;]<\/a><\/p>\n<\/div>","protected":false},"author":1,"featured_media":1285,"comment_status":"closed","ping_status":"closed","sticky":false,"template":"","format":"standard","meta":{"footnotes":""},"categories":[12,15],"tags":[],"class_list":["post-138","post","type-post","status-publish","format-standard","has-post-thumbnail","hentry","category-parana","category-saude"],"_links":{"self":[{"href":"https:\/\/interessatb.com.br\/index.php?rest_route=\/wp\/v2\/posts\/138","targetHints":{"allow":["GET"]}}],"collection":[{"href":"https:\/\/interessatb.com.br\/index.php?rest_route=\/wp\/v2\/posts"}],"about":[{"href":"https:\/\/interessatb.com.br\/index.php?rest_route=\/wp\/v2\/types\/post"}],"author":[{"embeddable":true,"href":"https:\/\/interessatb.com.br\/index.php?rest_route=\/wp\/v2\/users\/1"}],"replies":[{"embeddable":true,"href":"https:\/\/interessatb.com.br\/index.php?rest_route=%2Fwp%2Fv2%2Fcomments&post=138"}],"version-history":[{"count":1,"href":"https:\/\/interessatb.com.br\/index.php?rest_route=\/wp\/v2\/posts\/138\/revisions"}],"predecessor-version":[{"id":1286,"href":"https:\/\/interessatb.com.br\/index.php?rest_route=\/wp\/v2\/posts\/138\/revisions\/1286"}],"wp:featuredmedia":[{"embeddable":true,"href":"https:\/\/interessatb.com.br\/index.php?rest_route=\/wp\/v2\/media\/1285"}],"wp:attachment":[{"href":"https:\/\/interessatb.com.br\/index.php?rest_route=%2Fwp%2Fv2%2Fmedia&parent=138"}],"wp:term":[{"taxonomy":"category","embeddable":true,"href":"https:\/\/interessatb.com.br\/index.php?rest_route=%2Fwp%2Fv2%2Fcategories&post=138"},{"taxonomy":"post_tag","embeddable":true,"href":"https:\/\/interessatb.com.br\/index.php?rest_route=%2Fwp%2Fv2%2Ftags&post=138"}],"curies":[{"name":"wp","href":"https:\/\/api.w.org\/{rel}","templated":true}]}}