{"id":1426,"date":"2022-08-24T23:35:46","date_gmt":"2022-08-25T02:35:46","guid":{"rendered":"http:\/\/interessatb.com.br\/?p=1426"},"modified":"2022-09-24T06:53:01","modified_gmt":"2022-09-24T09:53:01","slug":"telemaco-borba-tera-escola-da-policia-militar","status":"publish","type":"post","link":"https:\/\/interessatb.com.br\/?p=1426","title":{"rendered":"Tel\u00eamaco Borba ter\u00e1 escola da Pol\u00edcia Militar"},"content":{"rendered":"\n<p>Com o apoio da Klabin, que vai ceder instala\u00e7\u00f5es, Tel\u00eamaco Borba ser\u00e1 sede da escola de Policiais Militares que formar\u00e1 90 novos policiais e bombeiros que atuar\u00e3o nos munic\u00edpios da regi\u00e3o. A empresa cedeu o Residencial S\u00e3o Francisco, localizado em Tel\u00eamaco Borba, que foi utilizado &nbsp;para a hospedagem de trabalhadores do Projeto Puma II, para o Curso de Pra\u00e7as 2022. <\/p>\n\n\n\n<p>O espa\u00e7o cedido conta com toda a infraestrutura necess\u00e1ria para salas de aula, espa\u00e7os administrativos, refeit\u00f3rio e alojamentos. A forma\u00e7\u00e3o \u00e9 destinada aos civis aprovados em concurso p\u00fablico para a carreira de Pol\u00edcia Militar ou Bombeiro Militar no Paran\u00e1.<\/p>\n\n\n\n<p><strong>Veja tamb\u00e9m<\/strong><\/p>\n\n\n\n<p><a href=\"http:\/\/interessatb.com.br\/?p=770\">Conv\u00eanio entre Klabin e Governo do Estado prev\u00ea R$ 450 milh\u00f5es em infraestrutura para a regi\u00e3o a partir de 2022<\/a><\/p>\n\n\n\n<p><a href=\"http:\/\/interessatb.com.br\/?p=877\">Azul inicia voos em dez novos destinos conectando o Interior a Curitiba<\/a><\/p>\n\n\n\n<p>Ao longo do per\u00edodo do curso, a Klabin ainda custear\u00e1 alguns servi\u00e7os de suporte e energia el\u00e9trica para manter o funcionamento das instala\u00e7\u00f5es para seguran\u00e7a e o conforto dos alunos. A previs\u00e3o \u00e9 de que a forma\u00e7\u00e3o e as atividades sejam conclu\u00eddas em 10 meses. Os novos PMs v\u00e3o integrar o 26\u00ba Batalh\u00e3o de Pol\u00edcia de Tel\u00eamaco Borba que atende tamb\u00e9m os munic\u00edpios de Ortigueira, Curi\u00fava, Sapopema, Tibagi, Reserva, Imba\u00fa, Figueira, Ventania e C\u00e2ndido de Abreu. A empresa apoiou a edi\u00e7\u00e3o anterior da escola, em 2017, em Tel\u00eamaco Borba.<\/p>\n\n\n\n<p>Fonte: Press Release Klabin.<\/p>\n\n\n\n<p><\/p>\n\n\n\n<p><\/p>\n","protected":false},"excerpt":{"rendered":"<div class=\"mh-excerpt\"><p>Com o apoio da Klabin, que vai ceder instala\u00e7\u00f5es, Tel\u00eamaco Borba ser\u00e1 sede da escola de Policiais Militares que formar\u00e1 90 novos policiais e bombeiros <a class=\"mh-excerpt-more\" href=\"https:\/\/interessatb.com.br\/?p=1426\" title=\"Tel\u00eamaco Borba ter\u00e1 escola da Pol\u00edcia Militar\">[&#8230;]<\/a><\/p>\n<\/div>","protected":false},"author":1,"featured_media":1427,"comment_status":"closed","ping_status":"closed","sticky":false,"template":"","format":"standard","meta":{"footnotes":""},"categories":[2],"tags":[],"class_list":["post-1426","post","type-post","status-publish","format-standard","has-post-thumbnail","hentry","category-cidade"],"_links":{"self":[{"href":"https:\/\/interessatb.com.br\/index.php?rest_route=\/wp\/v2\/posts\/1426","targetHints":{"allow":["GET"]}}],"collection":[{"href":"https:\/\/interessatb.com.br\/index.php?rest_route=\/wp\/v2\/posts"}],"about":[{"href":"https:\/\/interessatb.com.br\/index.php?rest_route=\/wp\/v2\/types\/post"}],"author":[{"embeddable":true,"href":"https:\/\/interessatb.com.br\/index.php?rest_route=\/wp\/v2\/users\/1"}],"replies":[{"embeddable":true,"href":"https:\/\/interessatb.com.br\/index.php?rest_route=%2Fwp%2Fv2%2Fcomments&post=1426"}],"version-history":[{"count":3,"href":"https:\/\/interessatb.com.br\/index.php?rest_route=\/wp\/v2\/posts\/1426\/revisions"}],"predecessor-version":[{"id":1430,"href":"https:\/\/interessatb.com.br\/index.php?rest_route=\/wp\/v2\/posts\/1426\/revisions\/1430"}],"wp:featuredmedia":[{"embeddable":true,"href":"https:\/\/interessatb.com.br\/index.php?rest_route=\/wp\/v2\/media\/1427"}],"wp:attachment":[{"href":"https:\/\/interessatb.com.br\/index.php?rest_route=%2Fwp%2Fv2%2Fmedia&parent=1426"}],"wp:term":[{"taxonomy":"category","embeddable":true,"href":"https:\/\/interessatb.com.br\/index.php?rest_route=%2Fwp%2Fv2%2Fcategories&post=1426"},{"taxonomy":"post_tag","embeddable":true,"href":"https:\/\/interessatb.com.br\/index.php?rest_route=%2Fwp%2Fv2%2Ftags&post=1426"}],"curies":[{"name":"wp","href":"https:\/\/api.w.org\/{rel}","templated":true}]}}