{"id":1450,"date":"2022-08-25T01:32:00","date_gmt":"2022-08-25T04:32:00","guid":{"rendered":"http:\/\/interessatb.com.br\/?p=1450"},"modified":"2022-08-25T14:31:21","modified_gmt":"2022-08-25T17:31:21","slug":"polo-digital-gralha-azul-e-criado-com-o-proposito-de-fortalecer-negocios-da-area-tecnologica-na-regiao","status":"publish","type":"post","link":"https:\/\/interessatb.com.br\/?p=1450","title":{"rendered":"Polo Digital Gralha Azul \u00e9 criado com o prop\u00f3sito de fortalecer neg\u00f3cios da \u00e1rea tecnol\u00f3gica na regi\u00e3o"},"content":{"rendered":"\n<p>No dia 10 de agosto em Assembleia Geral de Funda\u00e7\u00e3o, foi constitu\u00edda a Associa\u00e7\u00e3o de Fomento Tecnol\u00f3gico da regi\u00e3o centro-leste paranaense, direcionada a empreendedores, empres\u00e1rios e profissionais do segmento de tecnologia e que se identifica publicamente como Polo Digital Gralha Azul.<\/p>\n\n\n\n<p>Associa\u00e7\u00e3o que nasce para fomentar e fortalecer o ambiente de neg\u00f3cios de Tecnologia da Informa\u00e7\u00e3o e da Comunica\u00e7\u00e3o na regi\u00e3o centro-leste paranaense, tem sua sede no munic\u00edpio de Tel\u00eamaco Borba. Sua diretoria \u00e9 composta por empres\u00e1rios e entidades ligadas \u00e0 tecnologia digital.<\/p>\n\n\n<div class=\"wp-block-image\">\n<figure class=\"alignleft size-full\"><img loading=\"lazy\" decoding=\"async\" width=\"300\" height=\"250\" src=\"http:\/\/interessatb.com.br\/wp-content\/uploads\/2022\/03\/baixa_resolucao_castelo.png\" alt=\"\" class=\"wp-image-987\"\/><\/figure>\n<\/div>\n\n\n<p>Dentre suas a\u00e7\u00f5es iniciais, o Polo Digital Gralha Azul articular\u00e1 a integra\u00e7\u00e3o com demais iniciativas de inova\u00e7\u00e3o e tecnologia j\u00e1 existentes, bem como incentivar empreendedores, profissionais e empres\u00e1rios da \u00e1rea de tecnologia, informa\u00e7\u00e3o e comunica\u00e7\u00e3o a se associarem fortalecendo esta iniciativa que pretende contribuir com o desenvolvimento socioecon\u00f4mico regional.<\/p>\n\n\n\n<p>Conforme o presidente Celso de Oliveira &#8220;\u00e9 uma iniciativa para o desenvolvimento do setor tecnol\u00f3gico digital da regi\u00e3o, por meio de articula\u00e7\u00e3o com a pesquisa, busca de fomento, capacita\u00e7\u00f5es, promo\u00e7\u00e3o de eventos que discutam o futuro da tecnologia em nossa regi\u00e3o e constru\u00e7\u00e3o de uma rede de empres\u00e1rios que potencialize o crescimento dos neg\u00f3cios do segmento&#8221;.<\/p>\n\n\n\n<p><strong>Veja tamb\u00e9m<\/strong><\/p>\n\n\n\n<p><a href=\"http:\/\/interessatb.com.br\/?p=770\">Conv\u00eanio entre Klabin e Governo do Estado prev\u00ea R$ 450 milh\u00f5es em infraestrutura para a regi\u00e3o a partir de 2022<\/a><\/p>\n\n\n\n<p><a href=\"http:\/\/interessatb.com.br\/?p=187\">O empreendedorismo brasileiro e a educa\u00e7\u00e3o<\/a><\/p>\n\n\n\n<p>A regi\u00e3o vive um momento prop\u00edcio ao desenvolvimento com a\u00e7\u00f5es p\u00fablicas como o Cidade Inova aceleradora de Startups, iniciativas do Comit\u00ea Territorial Vale do Tibagi para inova\u00e7\u00e3o e desenvolvimento econ\u00f4mico, al\u00e9m de grandes empresas se instalando na regi\u00e3o e presen\u00e7a atuante do SEBRAE em diversas frentes.<\/p>\n\n\n\n<p>Comp\u00f5em a primeira diretoria Andr\u00e9 Regazzo (Regazzo Solu\u00e7\u00f5es em Tecnologia), Os\u00e9ias Gomes (Lions Startups), Carlos Jakovacz (SESI\/SENAI\/IEL), Celso de Oliveira (Casotec Tecnologia), Rafael Poltronieri (IFPR Tel\u00eamaco Borba), Fabiano Campos (Tecm\u00eddia), Marcos Gunha (Exi Sistemas), Avner Espelino (Qualityware Infraestrutura de Redes), Jean Mazer (E-Castle Plataforma Digital), Alisson Rodrido Santos Prestes (The Lazy Dogs Labs), Andr\u00e9 Paix\u00e3o (More-MBA), Willian Rodrigues Vargas (W. R. V. Tecnologia e Audiovisual) e F\u00e1bio Prestes (Globalpress Inova\u00e7\u00e3o e Tecnologia).<\/p>\n\n\n\n<p><\/p>\n","protected":false},"excerpt":{"rendered":"<div class=\"mh-excerpt\"><p>No dia 10 de agosto em Assembleia Geral de Funda\u00e7\u00e3o, foi constitu\u00edda a Associa\u00e7\u00e3o de Fomento Tecnol\u00f3gico da regi\u00e3o centro-leste paranaense, direcionada a empreendedores, empres\u00e1rios <a class=\"mh-excerpt-more\" href=\"https:\/\/interessatb.com.br\/?p=1450\" title=\"Polo Digital Gralha Azul \u00e9 criado com o prop\u00f3sito de fortalecer neg\u00f3cios da \u00e1rea tecnol\u00f3gica na regi\u00e3o\">[&#8230;]<\/a><\/p>\n<\/div>","protected":false},"author":1,"featured_media":1461,"comment_status":"closed","ping_status":"closed","sticky":false,"template":"","format":"standard","meta":{"footnotes":""},"categories":[18,20,14],"tags":[],"class_list":["post-1450","post","type-post","status-publish","format-standard","has-post-thumbnail","hentry","category-ciencia-e-tecnologia","category-industria-e-comercio","category-regiao"],"_links":{"self":[{"href":"https:\/\/interessatb.com.br\/index.php?rest_route=\/wp\/v2\/posts\/1450","targetHints":{"allow":["GET"]}}],"collection":[{"href":"https:\/\/interessatb.com.br\/index.php?rest_route=\/wp\/v2\/posts"}],"about":[{"href":"https:\/\/interessatb.com.br\/index.php?rest_route=\/wp\/v2\/types\/post"}],"author":[{"embeddable":true,"href":"https:\/\/interessatb.com.br\/index.php?rest_route=\/wp\/v2\/users\/1"}],"replies":[{"embeddable":true,"href":"https:\/\/interessatb.com.br\/index.php?rest_route=%2Fwp%2Fv2%2Fcomments&post=1450"}],"version-history":[{"count":3,"href":"https:\/\/interessatb.com.br\/index.php?rest_route=\/wp\/v2\/posts\/1450\/revisions"}],"predecessor-version":[{"id":1460,"href":"https:\/\/interessatb.com.br\/index.php?rest_route=\/wp\/v2\/posts\/1450\/revisions\/1460"}],"wp:featuredmedia":[{"embeddable":true,"href":"https:\/\/interessatb.com.br\/index.php?rest_route=\/wp\/v2\/media\/1461"}],"wp:attachment":[{"href":"https:\/\/interessatb.com.br\/index.php?rest_route=%2Fwp%2Fv2%2Fmedia&parent=1450"}],"wp:term":[{"taxonomy":"category","embeddable":true,"href":"https:\/\/interessatb.com.br\/index.php?rest_route=%2Fwp%2Fv2%2Fcategories&post=1450"},{"taxonomy":"post_tag","embeddable":true,"href":"https:\/\/interessatb.com.br\/index.php?rest_route=%2Fwp%2Fv2%2Ftags&post=1450"}],"curies":[{"name":"wp","href":"https:\/\/api.w.org\/{rel}","templated":true}]}}