{"id":1455,"date":"2022-08-25T01:51:02","date_gmt":"2022-08-25T04:51:02","guid":{"rendered":"http:\/\/interessatb.com.br\/?p=1455"},"modified":"2022-08-27T06:51:10","modified_gmt":"2022-08-27T09:51:10","slug":"transporte-coletivo-de-telemaco-borba-volta-a-funcionar-aos-domingos-em-carater-experimental-a-partir-de-04-09","status":"publish","type":"post","link":"https:\/\/interessatb.com.br\/?p=1455","title":{"rendered":"Transporte Coletivo de Tel\u00eamaco Borba volta a funcionar aos domingos, em car\u00e1ter experimental, a partir de 04\/09"},"content":{"rendered":"\n<p>A Divis\u00e3o Municipal de Seguran\u00e7a P\u00fablica e Tr\u00e2nsito \u2013 DMSPT\/TBTRAN, da Administra\u00e7\u00e3o Municipal de Tel\u00eamaco Borba, informa que a partir do dia 4 de setembro volta a funcionar a t\u00edtulo de experi\u00eancia, por per\u00edodo de 90 dias, a circula\u00e7\u00e3o de transporte coletivo aos domingos.<\/p>\n\n\n\n<p>Segundo o informe da prefeitura municipal, se existir n\u00famero de usu\u00e1rios suficientes para a viabilidade da manuten\u00e7\u00e3o do servi\u00e7o de transporte coletivo, as linhas vi\u00e1veis ser\u00e3o mantidas ap\u00f3s o per\u00edodo de experi\u00eancia.<\/p>\n\n\n\n<p><strong>Veja tamb\u00e9m<\/strong><\/p>\n\n\n\n<p><a href=\"http:\/\/interessatb.com.br\/?p=1421\">Tel\u00eamaco conquista t\u00edtulo no Handebol, na Fase Macrorregional dos 34\u00ba Jogos da Juventude do Paran\u00e1<\/a><\/p>\n\n\n\n<p><a href=\"http:\/\/www.telemacoborba.pr.gov.br\/imprensa\/noticias\/transito\/16938-transporte-coletivo-retorna-em-carater-experimental-por-90-dias-horarios-de-domingo-a-partir-de-04-09.html\">Clique aqui<\/a> para ter acesso ao informe e lista completa das linhas e hor\u00e1rios ofertados neste per\u00edodo.<\/p>\n","protected":false},"excerpt":{"rendered":"<div class=\"mh-excerpt\"><p>A Divis\u00e3o Municipal de Seguran\u00e7a P\u00fablica e Tr\u00e2nsito \u2013 DMSPT\/TBTRAN, da Administra\u00e7\u00e3o Municipal de Tel\u00eamaco Borba, informa que a partir do dia 4 de setembro <a class=\"mh-excerpt-more\" href=\"https:\/\/interessatb.com.br\/?p=1455\" title=\"Transporte Coletivo de Tel\u00eamaco Borba volta a funcionar aos domingos, em car\u00e1ter experimental, a partir de 04\/09\">[&#8230;]<\/a><\/p>\n<\/div>","protected":false},"author":1,"featured_media":1457,"comment_status":"closed","ping_status":"closed","sticky":false,"template":"","format":"standard","meta":{"footnotes":""},"categories":[2],"tags":[],"class_list":["post-1455","post","type-post","status-publish","format-standard","has-post-thumbnail","hentry","category-cidade"],"_links":{"self":[{"href":"https:\/\/interessatb.com.br\/index.php?rest_route=\/wp\/v2\/posts\/1455","targetHints":{"allow":["GET"]}}],"collection":[{"href":"https:\/\/interessatb.com.br\/index.php?rest_route=\/wp\/v2\/posts"}],"about":[{"href":"https:\/\/interessatb.com.br\/index.php?rest_route=\/wp\/v2\/types\/post"}],"author":[{"embeddable":true,"href":"https:\/\/interessatb.com.br\/index.php?rest_route=\/wp\/v2\/users\/1"}],"replies":[{"embeddable":true,"href":"https:\/\/interessatb.com.br\/index.php?rest_route=%2Fwp%2Fv2%2Fcomments&post=1455"}],"version-history":[{"count":8,"href":"https:\/\/interessatb.com.br\/index.php?rest_route=\/wp\/v2\/posts\/1455\/revisions"}],"predecessor-version":[{"id":1504,"href":"https:\/\/interessatb.com.br\/index.php?rest_route=\/wp\/v2\/posts\/1455\/revisions\/1504"}],"wp:featuredmedia":[{"embeddable":true,"href":"https:\/\/interessatb.com.br\/index.php?rest_route=\/wp\/v2\/media\/1457"}],"wp:attachment":[{"href":"https:\/\/interessatb.com.br\/index.php?rest_route=%2Fwp%2Fv2%2Fmedia&parent=1455"}],"wp:term":[{"taxonomy":"category","embeddable":true,"href":"https:\/\/interessatb.com.br\/index.php?rest_route=%2Fwp%2Fv2%2Fcategories&post=1455"},{"taxonomy":"post_tag","embeddable":true,"href":"https:\/\/interessatb.com.br\/index.php?rest_route=%2Fwp%2Fv2%2Ftags&post=1455"}],"curies":[{"name":"wp","href":"https:\/\/api.w.org\/{rel}","templated":true}]}}