{"id":1463,"date":"2022-08-26T03:21:14","date_gmt":"2022-08-26T06:21:14","guid":{"rendered":"http:\/\/interessatb.com.br\/?p=1463"},"modified":"2022-08-28T12:14:25","modified_gmt":"2022-08-28T15:14:25","slug":"pesquisa-da-exame-ideia-divulgada-neste-dia-25-aponta-reviravolta-e-bolsonaro-a-frente-de-lula-no-sudeste","status":"publish","type":"post","link":"https:\/\/interessatb.com.br\/?p=1463","title":{"rendered":"Pesquisa da EXAME\/IDEIA divulgada neste dia 25 aponta reviravolta de Bolsonaro \u00e0 frente de Lula no sudeste"},"content":{"rendered":"\n<p>Em pesquisa eleitoral realizada entre os dias 19 e 24 de agosto, divulgada neste dia 25 de agosto, a pesquisa EXAME\/IDEIA indica que o candidato do PL Jair Bolsonaro, atual presidente, passou \u00e0 frente do candidato do PT e ex-presidente Luiz In\u00e1cio Lula da Silva, no Sudeste. Os dois principais candidatos somam 80% das inten\u00e7\u00f5es de votos.<\/p>\n\n\n\n<p>A pesquisa ainda aponta Bolsonaro \u00e0 frente de Lula com ampla vantagem no Norte do pa\u00eds. O candidato do PT est\u00e1 \u00e0 frente nas inten\u00e7\u00f5es de voto no Sul do pa\u00eds, no Centro-oeste e com ampla vantagem no Nordeste. No c\u00f4mputo geral da pesquisa Luiz In\u00e1cio Lula da Silva apresentou 44% da inten\u00e7\u00f5es de voto e Jair Messias Bolsonaro 36%.<\/p>\n\n\n\n<p>Segundo o site Exame.com esta \u00e9 a primeira pesquisa ap\u00f3s o registro oficial dos candidatos no TSE, e no panorama geral e hist\u00f3rico da pesquisa, a dist\u00e2ncia entre os dois candidatos diminuiu de 11 para 8 pontos percentuais. Desde a \u00faltima sondagem da pesquisa as inten\u00e7\u00f5es de voto para Lula se mantiveram ao passo que as inten\u00e7\u00f5es de voto para Bolsonaro subiram 3%.<\/p>\n\n\n\n<p>Quanto aos demais candidatos que ainda permanecem na campanha eleitoral, Ciro Gomes, Simone Tebet, al\u00e9m de indecisos, brancos, nulos e outros,  somam 21%, segundo a mesma pesquisa.<\/p>\n","protected":false},"excerpt":{"rendered":"<div class=\"mh-excerpt\"><p>Em pesquisa eleitoral realizada entre os dias 19 e 24 de agosto, divulgada neste dia 25 de agosto, a pesquisa EXAME\/IDEIA indica que o candidato <a class=\"mh-excerpt-more\" href=\"https:\/\/interessatb.com.br\/?p=1463\" title=\"Pesquisa da EXAME\/IDEIA divulgada neste dia 25 aponta reviravolta de Bolsonaro \u00e0 frente de Lula no sudeste\">[&#8230;]<\/a><\/p>\n<\/div>","protected":false},"author":1,"featured_media":1464,"comment_status":"closed","ping_status":"closed","sticky":false,"template":"","format":"standard","meta":{"footnotes":""},"categories":[16,13],"tags":[],"class_list":["post-1463","post","type-post","status-publish","format-standard","has-post-thumbnail","hentry","category-brasil","category-politica"],"_links":{"self":[{"href":"https:\/\/interessatb.com.br\/index.php?rest_route=\/wp\/v2\/posts\/1463","targetHints":{"allow":["GET"]}}],"collection":[{"href":"https:\/\/interessatb.com.br\/index.php?rest_route=\/wp\/v2\/posts"}],"about":[{"href":"https:\/\/interessatb.com.br\/index.php?rest_route=\/wp\/v2\/types\/post"}],"author":[{"embeddable":true,"href":"https:\/\/interessatb.com.br\/index.php?rest_route=\/wp\/v2\/users\/1"}],"replies":[{"embeddable":true,"href":"https:\/\/interessatb.com.br\/index.php?rest_route=%2Fwp%2Fv2%2Fcomments&post=1463"}],"version-history":[{"count":5,"href":"https:\/\/interessatb.com.br\/index.php?rest_route=\/wp\/v2\/posts\/1463\/revisions"}],"predecessor-version":[{"id":1474,"href":"https:\/\/interessatb.com.br\/index.php?rest_route=\/wp\/v2\/posts\/1463\/revisions\/1474"}],"wp:featuredmedia":[{"embeddable":true,"href":"https:\/\/interessatb.com.br\/index.php?rest_route=\/wp\/v2\/media\/1464"}],"wp:attachment":[{"href":"https:\/\/interessatb.com.br\/index.php?rest_route=%2Fwp%2Fv2%2Fmedia&parent=1463"}],"wp:term":[{"taxonomy":"category","embeddable":true,"href":"https:\/\/interessatb.com.br\/index.php?rest_route=%2Fwp%2Fv2%2Fcategories&post=1463"},{"taxonomy":"post_tag","embeddable":true,"href":"https:\/\/interessatb.com.br\/index.php?rest_route=%2Fwp%2Fv2%2Ftags&post=1463"}],"curies":[{"name":"wp","href":"https:\/\/api.w.org\/{rel}","templated":true}]}}