{"id":1468,"date":"2022-08-26T03:57:40","date_gmt":"2022-08-26T06:57:40","guid":{"rendered":"http:\/\/interessatb.com.br\/?p=1468"},"modified":"2022-08-26T15:45:46","modified_gmt":"2022-08-26T18:45:46","slug":"vacinacao-contra-poliomelite-nao-avanca-como-esperado-em-telemaco-borba","status":"publish","type":"post","link":"https:\/\/interessatb.com.br\/?p=1468","title":{"rendered":"Vacina\u00e7\u00e3o contra poliomielite n\u00e3o avan\u00e7a como esperado em Tel\u00eamaco Borba"},"content":{"rendered":"\n<p>Conforme alerta divulgado pela administra\u00e7\u00e3o municipal (24) apenas 16% das crian\u00e7as de 01 a 04 anos se vacinaram contra a p\u00f3lio. Este resultado reflete um comportamento nacional da popula\u00e7\u00e3o em rela\u00e7\u00e3o \u00e0s campanhas de vacina\u00e7\u00e3o.<\/p>\n\n\n\n<p>Com base nestes dados a Secretaria Municipal de Sa\u00fade do munic\u00edpio de Tel\u00eamaco Borba informa que a vacina contra a poliomielite \u00e9 gratuita e est\u00e1 dispon\u00edvel na rede municipal de sa\u00fade. Dados levantados at\u00e9  23 de agosto no munic\u00edpio revelam que das 4.993 crian\u00e7as que devem tomar a vacina, apenas 804 tomaram a dose.<\/p>\n\n\n<div class=\"wp-block-image\">\n<figure class=\"alignleft size-full is-resized\"><img loading=\"lazy\" decoding=\"async\" src=\"http:\/\/interessatb.com.br\/wp-content\/uploads\/2022\/03\/Lapidar1.png\" alt=\"\" class=\"wp-image-974\" width=\"329\" height=\"402\"\/><\/figure>\n<\/div>\n\n\n<p>O Conselho Nacional de Sa\u00fade afirma que a vacina inativada da p\u00f3lio est\u00e1 completando 10 anos com baixa ades\u00e3o no Brasil. Esta vers\u00e3o da vacina \u00e9 de aplica\u00e7\u00e3o intramuscular e \u00e9 considerada mais eficiente que a vers\u00e3o em gotas. Segundo o CNS &#8220;A vacina inativada contra a poliomielite foi introduzida em 2012 com duas doses, mas foi ampliada para tr\u00eas doses em 2016. O PNI recomenda que elas sejam administradas aos 2, 4 e 6 meses de idade, conferindo uma imunidade que s\u00f3 \u00e9 refor\u00e7ada aos 15 meses e aos 4 anos, com as gotinhas da vacina oral&#8221;.<\/p>\n\n\n\n<p><strong>Veja tamb\u00e9m<\/strong><\/p>\n\n\n\n<p><a href=\"http:\/\/interessatb.com.br\/?p=1455\">Transporte Coletivo de Tel\u00eamaco Borba volta a funcionar aos domingos, em car\u00e1ter experimental, a partir de 04\/09<\/a><\/p>\n\n\n\n<p><a href=\"http:\/\/interessatb.com.br\/?p=1450\">Polo Digital Gralha Azul \u00e9 criado com o prop\u00f3sito de fortalecer neg\u00f3cios da \u00e1rea tecnol\u00f3gica na regi\u00e3o<\/a><\/p>\n\n\n\n<p>O Brasil \u00e9 considerado \u00e1rea livre da poliomielite desde 1989,e a aus\u00eancia de novos casos pode ser um dos fatores que explicam a pouca procura pela popula\u00e7\u00e3o. Infectologistas afirmam que a vacina \u00e9 a \u00fanica forma de conter a doen\u00e7a, que causa severas sequelas ao organismo humano, podendo levar \u00e0 paralisia de uma das pernas e do m\u00fasculo respons\u00e1vel pela fala. Portanto n\u00e3o se deve relaxar na vacina\u00e7\u00e3o.<\/p>\n","protected":false},"excerpt":{"rendered":"<div class=\"mh-excerpt\"><p>Conforme alerta divulgado pela administra\u00e7\u00e3o municipal (24) apenas 16% das crian\u00e7as de 01 a 04 anos se vacinaram contra a p\u00f3lio. Este resultado reflete um <a class=\"mh-excerpt-more\" href=\"https:\/\/interessatb.com.br\/?p=1468\" title=\"Vacina\u00e7\u00e3o contra poliomielite n\u00e3o avan\u00e7a como esperado em Tel\u00eamaco Borba\">[&#8230;]<\/a><\/p>\n<\/div>","protected":false},"author":1,"featured_media":1471,"comment_status":"closed","ping_status":"closed","sticky":false,"template":"","format":"standard","meta":{"footnotes":""},"categories":[2,15],"tags":[],"class_list":["post-1468","post","type-post","status-publish","format-standard","has-post-thumbnail","hentry","category-cidade","category-saude"],"_links":{"self":[{"href":"https:\/\/interessatb.com.br\/index.php?rest_route=\/wp\/v2\/posts\/1468","targetHints":{"allow":["GET"]}}],"collection":[{"href":"https:\/\/interessatb.com.br\/index.php?rest_route=\/wp\/v2\/posts"}],"about":[{"href":"https:\/\/interessatb.com.br\/index.php?rest_route=\/wp\/v2\/types\/post"}],"author":[{"embeddable":true,"href":"https:\/\/interessatb.com.br\/index.php?rest_route=\/wp\/v2\/users\/1"}],"replies":[{"embeddable":true,"href":"https:\/\/interessatb.com.br\/index.php?rest_route=%2Fwp%2Fv2%2Fcomments&post=1468"}],"version-history":[{"count":2,"href":"https:\/\/interessatb.com.br\/index.php?rest_route=\/wp\/v2\/posts\/1468\/revisions"}],"predecessor-version":[{"id":1485,"href":"https:\/\/interessatb.com.br\/index.php?rest_route=\/wp\/v2\/posts\/1468\/revisions\/1485"}],"wp:featuredmedia":[{"embeddable":true,"href":"https:\/\/interessatb.com.br\/index.php?rest_route=\/wp\/v2\/media\/1471"}],"wp:attachment":[{"href":"https:\/\/interessatb.com.br\/index.php?rest_route=%2Fwp%2Fv2%2Fmedia&parent=1468"}],"wp:term":[{"taxonomy":"category","embeddable":true,"href":"https:\/\/interessatb.com.br\/index.php?rest_route=%2Fwp%2Fv2%2Fcategories&post=1468"},{"taxonomy":"post_tag","embeddable":true,"href":"https:\/\/interessatb.com.br\/index.php?rest_route=%2Fwp%2Fv2%2Ftags&post=1468"}],"curies":[{"name":"wp","href":"https:\/\/api.w.org\/{rel}","templated":true}]}}