{"id":1479,"date":"2022-08-26T15:39:23","date_gmt":"2022-08-26T18:39:23","guid":{"rendered":"https:\/\/interessatb.com.br\/?p=1479"},"modified":"2022-09-24T06:54:13","modified_gmt":"2022-09-24T09:54:13","slug":"processo-seletivo-para-ingresso-de-estudantes-no-ifpr-tem-inicio-nesta-segunda-feira-29-para-cursos-tecnicos-e-de-nivel-superior","status":"publish","type":"post","link":"https:\/\/interessatb.com.br\/?p=1479","title":{"rendered":"Processo Seletivo para ingresso de estudantes no IFPR tem in\u00edcio nesta segunda-feira, 29, para cursos t\u00e9cnicos e de n\u00edvel superior"},"content":{"rendered":"\n<p>O cronograma do Processo Seletivo IFPR 2022\/2023 para ingresso de estudantes no Instituto Federal do Paran\u00e1 para todo o estado, incluindo-se o Campus de Tel\u00eamaco Borba, tem in\u00edcio no dia 29 de agosto, segunda-feira pr\u00f3xima.<\/p>\n\n\n\n<p>A inscri\u00e7\u00e3o somente poder\u00e1 ser realizada de 29\/08\/2022 at\u00e9 29\/09\/2022, exclusivamente pela p\u00e1gina do Processo Seletivo IFPR 2022\/2023, a ser disponibilizada no portal do N\u00facleo de Concursos da institui\u00e7\u00e3o. Os editais com maiores informa\u00e7\u00f5es ser\u00e3o disponibilizados no mesmo dia do in\u00edcio do Processo Seletivo. Ser\u00e1 cobrada taxa de inscri\u00e7\u00e3o de R$ 50,00 para os cursos t\u00e9cnicos e R$ 80,00 para os cursos de gradua\u00e7\u00e3o. O prazo para solicitar isen\u00e7\u00e3o da taxa de inscri\u00e7\u00e3o vai at\u00e9 o dia 12 de setembro.<\/p>\n\n\n<div class=\"wp-block-image\">\n<figure class=\"alignleft size-full is-resized\"><img loading=\"lazy\" decoding=\"async\" src=\"http:\/\/interessatb.com.br\/wp-content\/uploads\/2022\/08\/logo-casotec.png\" alt=\"\" class=\"wp-image-980\" width=\"384\" height=\"320\"\/><\/figure>\n<\/div>\n\n\n<p>As provas ser\u00e3o aplicadas no dia 06 de novembro deste ano em todas as cidades em que o IFPR tem unidades e ser\u00e3o disponibilizadas ao todo 3.847 vagas para cursos t\u00e9cnicos e 2.784 vagas para cursos de gradua\u00e7\u00e3o, distribu\u00eddas por todo o estado. <\/p>\n\n\n\n<p><strong>Veja tamb\u00e9m<\/strong><\/p>\n\n\n\n<p><a href=\"https:\/\/interessatb.com.br\/?p=1468\">Vacina\u00e7\u00e3o contra poliomielite n\u00e3o avan\u00e7a como esperado em Tel\u00eamaco Borba<\/a><\/p>\n\n\n\n<p><a href=\"https:\/\/interessatb.com.br\/?p=1421\">Tel\u00eamaco conquista t\u00edtulo no Handebol, na Fase Macrorregional dos 34\u00ba Jogos da Juventude do Paran\u00e1<\/a><\/p>\n\n\n\n<p>Maiores informa\u00e7\u00f5es poder\u00e3o ser encontradas nos canais oficiais disponibilizados:<\/p>\n\n\n\n<ul class=\"wp-block-list\"><li><a href=\"http:\/\/www.ifpr.edu.br\/\">Site do IFPR (www.ifpr.edu.br);<\/a><\/li><li>Facebook:&nbsp;<a href=\"https:\/\/www.facebook.com\/REITORIAIFPR\">www.facebook.com\/REITORIAIFPR<\/a>;<\/li><li><a href=\"https:\/\/www.instagram.com\/ifpr.oficial\/\">Instagram: @ifpr.oficial;<\/a><\/li><li><a href=\"https:\/\/www.youtube.com\/c\/Conex%C3%A3oIFPR\">Conex\u00e3o IFPR&nbsp;<\/a>(Youtube);<\/li><\/ul>\n\n\n<div class=\"wp-block-image\">\n<figure class=\"aligncenter size-full is-resized\"><img loading=\"lazy\" decoding=\"async\" src=\"https:\/\/interessatb.com.br\/wp-content\/uploads\/2022\/08\/image.png\" alt=\"\" class=\"wp-image-1481\" width=\"437\" height=\"242\" srcset=\"https:\/\/interessatb.com.br\/wp-content\/uploads\/2022\/08\/image.png 349w, https:\/\/interessatb.com.br\/wp-content\/uploads\/2022\/08\/image-300x167.png 300w\" sizes=\"auto, (max-width: 437px) 100vw, 437px\" \/><\/figure>\n<\/div>","protected":false},"excerpt":{"rendered":"<div class=\"mh-excerpt\"><p>O cronograma do Processo Seletivo IFPR 2022\/2023 para ingresso de estudantes no Instituto Federal do Paran\u00e1 para todo o estado, incluindo-se o Campus de Tel\u00eamaco <a class=\"mh-excerpt-more\" href=\"https:\/\/interessatb.com.br\/?p=1479\" title=\"Processo Seletivo para ingresso de estudantes no IFPR tem in\u00edcio nesta segunda-feira, 29, para cursos t\u00e9cnicos e de n\u00edvel superior\">[&#8230;]<\/a><\/p>\n<\/div>","protected":false},"author":1,"featured_media":1486,"comment_status":"closed","ping_status":"closed","sticky":false,"template":"","format":"standard","meta":{"footnotes":""},"categories":[5,14],"tags":[],"class_list":["post-1479","post","type-post","status-publish","format-standard","has-post-thumbnail","hentry","category-educacao","category-regiao"],"_links":{"self":[{"href":"https:\/\/interessatb.com.br\/index.php?rest_route=\/wp\/v2\/posts\/1479","targetHints":{"allow":["GET"]}}],"collection":[{"href":"https:\/\/interessatb.com.br\/index.php?rest_route=\/wp\/v2\/posts"}],"about":[{"href":"https:\/\/interessatb.com.br\/index.php?rest_route=\/wp\/v2\/types\/post"}],"author":[{"embeddable":true,"href":"https:\/\/interessatb.com.br\/index.php?rest_route=\/wp\/v2\/users\/1"}],"replies":[{"embeddable":true,"href":"https:\/\/interessatb.com.br\/index.php?rest_route=%2Fwp%2Fv2%2Fcomments&post=1479"}],"version-history":[{"count":4,"href":"https:\/\/interessatb.com.br\/index.php?rest_route=\/wp\/v2\/posts\/1479\/revisions"}],"predecessor-version":[{"id":1488,"href":"https:\/\/interessatb.com.br\/index.php?rest_route=\/wp\/v2\/posts\/1479\/revisions\/1488"}],"wp:featuredmedia":[{"embeddable":true,"href":"https:\/\/interessatb.com.br\/index.php?rest_route=\/wp\/v2\/media\/1486"}],"wp:attachment":[{"href":"https:\/\/interessatb.com.br\/index.php?rest_route=%2Fwp%2Fv2%2Fmedia&parent=1479"}],"wp:term":[{"taxonomy":"category","embeddable":true,"href":"https:\/\/interessatb.com.br\/index.php?rest_route=%2Fwp%2Fv2%2Fcategories&post=1479"},{"taxonomy":"post_tag","embeddable":true,"href":"https:\/\/interessatb.com.br\/index.php?rest_route=%2Fwp%2Fv2%2Ftags&post=1479"}],"curies":[{"name":"wp","href":"https:\/\/api.w.org\/{rel}","templated":true}]}}