{"id":149,"date":"2021-07-30T08:19:45","date_gmt":"2021-07-30T11:19:45","guid":{"rendered":"https:\/\/interessatb.com.br\/?p=149"},"modified":"2022-08-21T11:38:35","modified_gmt":"2022-08-21T14:38:35","slug":"mais-uma-manha-gelada-na-cidade","status":"publish","type":"post","link":"https:\/\/interessatb.com.br\/?p=149","title":{"rendered":"Mais uma manh\u00e3 gelada em Tel\u00eamaco Borba"},"content":{"rendered":"\n<p>Tel\u00eamaco Borba amanheceu com geada em v\u00e1rios pontos da cidade. Temperaturas poderiam chegar a -2\u00b0C, segundo previs\u00f5es. O SIMEPAR apresentou como temperatura m\u00ednima prevista -1\u00b0C. Esta \u00faltima semana de julho tem apresentado temperaturas pr\u00f3prias do inverno na regi\u00e3o. <\/p>\n\n\n<div class=\"wp-block-image\">\n<figure class=\"alignleft size-full\"><img loading=\"lazy\" decoding=\"async\" width=\"300\" height=\"250\" src=\"http:\/\/interessatb.com.br\/wp-content\/uploads\/2022\/03\/baixa_resolucao_castelo.png\" alt=\"\" class=\"wp-image-987\"\/><\/figure>\n<\/div>\n\n\n<p>Nos \u00faltimos dias correram pelas redes sociais algumas previs\u00f5es alarmistas, com temperaturas abaixo de 10 graus negativos, fato que n\u00e3o se concretizou. Segundo o SIMEPAR a partir de hoje as temperaturas come\u00e7am a se elevar lentamente na cidade.<\/p>\n\n\n\n<p>Para aqueles que se incomodam com os dias frios do inverno, ainda h\u00e1 muito que esperar. O final do inverno est\u00e1 previsto oficialmente para o dia 22 de setembro, uma quarta-feira. At\u00e9 l\u00e1 os cuidados com a sa\u00fade devem se intensificar.<\/p>\n\n\n\n<p><\/p>\n\n\n\n<p><strong>Veja tamb\u00e9m:<\/strong><\/p>\n\n\n\n<p><a href=\"https:\/\/interessatb.com.br\/2021\/07\/20\/temperatura-cai-e-inverno-mostra-sua-cara-na-cidade\/\">Temperatura cai e inverno mostra sua face na cidade<\/a><\/p>\n\n\n\n<p><a href=\"https:\/\/interessatb.com.br\/2021\/07\/26\/prefeitura-de-telemaco-borba-retorna-ao-atendimento-normal-do-publico-a-partir-de-16-de-agosto\/\">Prefeitura de Tel\u00eamaco Borba volta a atender o p\u00fablico em hor\u00e1rio normal a partir de 16 de agosto<\/a><\/p>\n\n\n\n<p><\/p>\n\n\n\n<p><strong>Mais imagens:<\/strong><\/p>\n\n\n\n<figure class=\"wp-block-image size-full\"><img loading=\"lazy\" decoding=\"async\" width=\"4128\" height=\"3096\" src=\"http:\/\/interessatb.com.br\/wp-content\/uploads\/2021\/07\/20210730_073209.jpg\" alt=\"\" class=\"wp-image-1282\"\/><figcaption>InteressaTB<\/figcaption><\/figure>\n\n\n\n<figure class=\"wp-block-image size-full\"><img loading=\"lazy\" decoding=\"async\" width=\"4128\" height=\"3096\" src=\"http:\/\/interessatb.com.br\/wp-content\/uploads\/2021\/07\/20210730_074726.jpg\" alt=\"\" class=\"wp-image-1283\"\/><figcaption>InteressaTB<\/figcaption><\/figure>\n","protected":false},"excerpt":{"rendered":"<div class=\"mh-excerpt\"><p>Tel\u00eamaco Borba amanheceu com geada em v\u00e1rios pontos da cidade. Temperaturas poderiam chegar a -2\u00b0C, segundo previs\u00f5es. O SIMEPAR apresentou como temperatura m\u00ednima prevista -1\u00b0C. <a class=\"mh-excerpt-more\" href=\"https:\/\/interessatb.com.br\/?p=149\" title=\"Mais uma manh\u00e3 gelada em Tel\u00eamaco Borba\">[&#8230;]<\/a><\/p>\n<\/div>","protected":false},"author":1,"featured_media":1280,"comment_status":"closed","ping_status":"closed","sticky":false,"template":"","format":"standard","meta":{"footnotes":""},"categories":[2],"tags":[],"class_list":["post-149","post","type-post","status-publish","format-standard","has-post-thumbnail","hentry","category-cidade"],"_links":{"self":[{"href":"https:\/\/interessatb.com.br\/index.php?rest_route=\/wp\/v2\/posts\/149","targetHints":{"allow":["GET"]}}],"collection":[{"href":"https:\/\/interessatb.com.br\/index.php?rest_route=\/wp\/v2\/posts"}],"about":[{"href":"https:\/\/interessatb.com.br\/index.php?rest_route=\/wp\/v2\/types\/post"}],"author":[{"embeddable":true,"href":"https:\/\/interessatb.com.br\/index.php?rest_route=\/wp\/v2\/users\/1"}],"replies":[{"embeddable":true,"href":"https:\/\/interessatb.com.br\/index.php?rest_route=%2Fwp%2Fv2%2Fcomments&post=149"}],"version-history":[{"count":1,"href":"https:\/\/interessatb.com.br\/index.php?rest_route=\/wp\/v2\/posts\/149\/revisions"}],"predecessor-version":[{"id":1284,"href":"https:\/\/interessatb.com.br\/index.php?rest_route=\/wp\/v2\/posts\/149\/revisions\/1284"}],"wp:featuredmedia":[{"embeddable":true,"href":"https:\/\/interessatb.com.br\/index.php?rest_route=\/wp\/v2\/media\/1280"}],"wp:attachment":[{"href":"https:\/\/interessatb.com.br\/index.php?rest_route=%2Fwp%2Fv2%2Fmedia&parent=149"}],"wp:term":[{"taxonomy":"category","embeddable":true,"href":"https:\/\/interessatb.com.br\/index.php?rest_route=%2Fwp%2Fv2%2Fcategories&post=149"},{"taxonomy":"post_tag","embeddable":true,"href":"https:\/\/interessatb.com.br\/index.php?rest_route=%2Fwp%2Fv2%2Ftags&post=149"}],"curies":[{"name":"wp","href":"https:\/\/api.w.org\/{rel}","templated":true}]}}