{"id":1577,"date":"2022-09-05T09:41:10","date_gmt":"2022-09-05T12:41:10","guid":{"rendered":"https:\/\/interessatb.com.br\/?p=1577"},"modified":"2022-09-05T10:06:55","modified_gmt":"2022-09-05T13:06:55","slug":"imbau-segue-com-campanha-multivacinacao-e-vacinacao-contra-poliomielite-ate-esta-sexta-feira-09","status":"publish","type":"post","link":"https:\/\/interessatb.com.br\/?p=1577","title":{"rendered":"Imba\u00fa segue com campanha contra poliomielite e multivacina\u00e7\u00e3o at\u00e9 sexta-feira (09)"},"content":{"rendered":"\n<p>A campanha nacional de vacina\u00e7\u00e3o contra a poliomielite, que iniciou no dia 8 de agosto termina nesta sexta-feira (09) em todo o pa\u00eds. O munic\u00edpio do Imba\u00fa informa que os mun\u00edcipes devem procurar a UBS Refer\u00eancia levando a caderneta de vacina\u00e7\u00e3o. UBS Refer\u00eancia s\u00e3o os &#8220;postos de sa\u00fade&#8221; em que o cidad\u00e3o est\u00e1 cadastrado.<\/p>\n\n\n\n<p>O servi\u00e7o \u00e9 destinado \u00e0s crian\u00e7as e adolescentes menores de 15 anos. Segundo o Minist\u00e9rio da Sa\u00fade aproximadamente 40 mil postos de vacina\u00e7\u00e3o estar\u00e3o abertos para aplicar as doses das 18 vacinas que comp\u00f5em o Calend\u00e1rio Nacional de Vacina\u00e7\u00e3o da crian\u00e7a e do adolescente.<\/p>\n\n\n\n<p><strong>Veja tamb\u00e9m<\/strong><\/p>\n\n\n\n<p><a href=\"https:\/\/interessatb.com.br\/?p=1468\">Vacina\u00e7\u00e3o contra poliomielite n\u00e3o avan\u00e7a como esperado em Tel\u00eamaco Borba<\/a><\/p>\n\n\n\n<p><a href=\"https:\/\/interessatb.com.br\/?p=1439\">Tibagi lan\u00e7a Passaporte da Aventura para atrair ainda mais turistas<\/a><\/p>\n\n\n\n<p>O objetivo da campanha \u00e9 alcan\u00e7ar cobertura vacinal igual ou maior que 95% para a vacina poliomielite na faixa et\u00e1ria de 1 a menores de 5 anos de idade, al\u00e9m de reduzir o n\u00famero de n\u00e3o vacinados de crian\u00e7as e adolescentes menores de 15 anos e melhorar as coberturas vacinais, conforme o Calend\u00e1rio Nacional de Vacina\u00e7\u00e3o.<\/p>\n\n\n\n<p>As campanhas de vacina\u00e7\u00e3o v\u00e3o coincidir com a imuniza\u00e7\u00e3o contra a Covid-19 em andamento. As vacinas Covid-19 poder\u00e3o ser administradas de maneira simult\u00e2nea ou com qualquer intervalo com as demais do Calend\u00e1rio Nacional, na popula\u00e7\u00e3o a partir de tr\u00eas anos de idade.<\/p>\n","protected":false},"excerpt":{"rendered":"<div class=\"mh-excerpt\"><p>A campanha nacional de vacina\u00e7\u00e3o contra a poliomielite, que iniciou no dia 8 de agosto termina nesta sexta-feira (09) em todo o pa\u00eds. O munic\u00edpio <a class=\"mh-excerpt-more\" href=\"https:\/\/interessatb.com.br\/?p=1577\" title=\"Imba\u00fa segue com campanha contra poliomielite e multivacina\u00e7\u00e3o at\u00e9 sexta-feira (09)\">[&#8230;]<\/a><\/p>\n<\/div>","protected":false},"author":1,"featured_media":1588,"comment_status":"closed","ping_status":"closed","sticky":false,"template":"","format":"standard","meta":{"footnotes":""},"categories":[14,15],"tags":[],"class_list":["post-1577","post","type-post","status-publish","format-standard","has-post-thumbnail","hentry","category-regiao","category-saude"],"_links":{"self":[{"href":"https:\/\/interessatb.com.br\/index.php?rest_route=\/wp\/v2\/posts\/1577","targetHints":{"allow":["GET"]}}],"collection":[{"href":"https:\/\/interessatb.com.br\/index.php?rest_route=\/wp\/v2\/posts"}],"about":[{"href":"https:\/\/interessatb.com.br\/index.php?rest_route=\/wp\/v2\/types\/post"}],"author":[{"embeddable":true,"href":"https:\/\/interessatb.com.br\/index.php?rest_route=\/wp\/v2\/users\/1"}],"replies":[{"embeddable":true,"href":"https:\/\/interessatb.com.br\/index.php?rest_route=%2Fwp%2Fv2%2Fcomments&post=1577"}],"version-history":[{"count":6,"href":"https:\/\/interessatb.com.br\/index.php?rest_route=\/wp\/v2\/posts\/1577\/revisions"}],"predecessor-version":[{"id":1590,"href":"https:\/\/interessatb.com.br\/index.php?rest_route=\/wp\/v2\/posts\/1577\/revisions\/1590"}],"wp:featuredmedia":[{"embeddable":true,"href":"https:\/\/interessatb.com.br\/index.php?rest_route=\/wp\/v2\/media\/1588"}],"wp:attachment":[{"href":"https:\/\/interessatb.com.br\/index.php?rest_route=%2Fwp%2Fv2%2Fmedia&parent=1577"}],"wp:term":[{"taxonomy":"category","embeddable":true,"href":"https:\/\/interessatb.com.br\/index.php?rest_route=%2Fwp%2Fv2%2Fcategories&post=1577"},{"taxonomy":"post_tag","embeddable":true,"href":"https:\/\/interessatb.com.br\/index.php?rest_route=%2Fwp%2Fv2%2Ftags&post=1577"}],"curies":[{"name":"wp","href":"https:\/\/api.w.org\/{rel}","templated":true}]}}