{"id":1591,"date":"2022-09-08T19:49:47","date_gmt":"2022-09-08T22:49:47","guid":{"rendered":"https:\/\/interessatb.com.br\/?p=1591"},"modified":"2022-09-24T06:51:52","modified_gmt":"2022-09-24T09:51:52","slug":"telemaco-borba-vivera-a-semana-da-cultura-2022-que-esta-ano-acontece-de-12-a-18-de-setembro","status":"publish","type":"post","link":"https:\/\/interessatb.com.br\/?p=1591","title":{"rendered":"Tel\u00eamaco Borba viver\u00e1 a Semana da Cultura 2022, que este ano acontece de 12 a 18 de setembro"},"content":{"rendered":"\n<p>Com o tema &#8220;As v\u00e1rias faces da Cultura&#8221; acontecer\u00e1 nos dias 12 a 18 de setembro, das 8h \u00e0s 22h, no Centro Cultural Eloah Martins Quadrado, antiga Casa da Cultura, a Semana da Cultura 2022. O evento \u00e9 promovido pela Prefeitura de Tel\u00eamaco Borba, atrav\u00e9s de sua Secretaria Municipal de Cultura, Esportes e Recrea\u00e7\u00e3o.<\/p>\n\n\n\n<p><strong>Veja tamb\u00e9m<\/strong><\/p>\n\n\n\n<p><a href=\"https:\/\/interessatb.com.br\/?p=1455\">Transporte Coletivo de Tel\u00eamaco Borba volta a funcionar aos domingos, em car\u00e1ter experimental, a partir de 04\/09<\/a><\/p>\n\n\n\n<p><a href=\"https:\/\/interessatb.com.br\/?cat=14\">Polo Digital Gralha Azul \u00e9 criado com o prop\u00f3sito de fortalecer neg\u00f3cios da \u00e1rea tecnol\u00f3gica na regi\u00e3o<\/a><\/p>\n\n\n\n<p>A programa\u00e7\u00e3o ser\u00e1 diversificada, com m\u00faltiplas linguagens art\u00edsticas, envolvendo dan\u00e7a, teatro, m\u00fasica, literatura, cinema para toda a fam\u00edlia. As atividades acontecer\u00e3o no Centro Cultural Eloah Martins Quadrado e entorno, inclusive a Pra\u00e7a da Fam\u00edlia.<\/p>\n\n\n\n<p><em>Programa\u00e7\u00e3o:<\/em><\/p>\n\n\n\n<p>Segunda-feira (12): a Feira de Livros que se estender\u00e1 at\u00e9 s\u00e1bado (17), das 8h \u00e0s 20h. <\/p>\n\n\n\n<p>Ter\u00e7a-feira (13): Leitura com palestra na Biblioteca, roda de conversa e sorteio de livros. <\/p>\n\n\n\n<p>Quarta-feira (14): Cine Retro, das 9h \u00e0s 20h, cinema aberto com programa\u00e7\u00e3o o dia todo, com pipoca e algod\u00e3o doce para toda fam\u00edlia.<\/p>\n\n\n\n<p>Quinta-feira (15): A partir das 20h, apresenta\u00e7\u00e3o da G2 Companhia de Dan\u00e7a de Curitiba.<\/p>\n\n\n\n<p>Sexta-feira (16): Apresenta\u00e7\u00f5es da Banda Municipal de Tibagi e Banda Lira dos Campos de Ponta Grossa, com in\u00edcio \u00e0s 20h.<\/p>\n\n\n\n<p> S\u00e1bado (17): Apresenta\u00e7\u00e3o da Banda Big Time Orquestra de Curitiba, \u00e0s 20h. <\/p>\n\n\n\n<p>Artistas locais se apresentar\u00e3o ao longo da programa\u00e7\u00e3o.<\/p>\n\n\n\n<p><em>Fonte: Comunica\u00e7\u00e3o PMTB.<\/em><\/p>\n","protected":false},"excerpt":{"rendered":"<div class=\"mh-excerpt\"><p>Com o tema &#8220;As v\u00e1rias faces da Cultura&#8221; acontecer\u00e1 nos dias 12 a 18 de setembro, das 8h \u00e0s 22h, no Centro Cultural Eloah Martins <a class=\"mh-excerpt-more\" href=\"https:\/\/interessatb.com.br\/?p=1591\" title=\"Tel\u00eamaco Borba viver\u00e1 a Semana da Cultura 2022, que este ano acontece de 12 a 18 de setembro\">[&#8230;]<\/a><\/p>\n<\/div>","protected":false},"author":1,"featured_media":1603,"comment_status":"closed","ping_status":"closed","sticky":false,"template":"","format":"standard","meta":{"footnotes":""},"categories":[2,19],"tags":[],"class_list":["post-1591","post","type-post","status-publish","format-standard","has-post-thumbnail","hentry","category-cidade","category-cultura"],"_links":{"self":[{"href":"https:\/\/interessatb.com.br\/index.php?rest_route=\/wp\/v2\/posts\/1591","targetHints":{"allow":["GET"]}}],"collection":[{"href":"https:\/\/interessatb.com.br\/index.php?rest_route=\/wp\/v2\/posts"}],"about":[{"href":"https:\/\/interessatb.com.br\/index.php?rest_route=\/wp\/v2\/types\/post"}],"author":[{"embeddable":true,"href":"https:\/\/interessatb.com.br\/index.php?rest_route=\/wp\/v2\/users\/1"}],"replies":[{"embeddable":true,"href":"https:\/\/interessatb.com.br\/index.php?rest_route=%2Fwp%2Fv2%2Fcomments&post=1591"}],"version-history":[{"count":13,"href":"https:\/\/interessatb.com.br\/index.php?rest_route=\/wp\/v2\/posts\/1591\/revisions"}],"predecessor-version":[{"id":1605,"href":"https:\/\/interessatb.com.br\/index.php?rest_route=\/wp\/v2\/posts\/1591\/revisions\/1605"}],"wp:featuredmedia":[{"embeddable":true,"href":"https:\/\/interessatb.com.br\/index.php?rest_route=\/wp\/v2\/media\/1603"}],"wp:attachment":[{"href":"https:\/\/interessatb.com.br\/index.php?rest_route=%2Fwp%2Fv2%2Fmedia&parent=1591"}],"wp:term":[{"taxonomy":"category","embeddable":true,"href":"https:\/\/interessatb.com.br\/index.php?rest_route=%2Fwp%2Fv2%2Fcategories&post=1591"},{"taxonomy":"post_tag","embeddable":true,"href":"https:\/\/interessatb.com.br\/index.php?rest_route=%2Fwp%2Fv2%2Ftags&post=1591"}],"curies":[{"name":"wp","href":"https:\/\/api.w.org\/{rel}","templated":true}]}}