{"id":1607,"date":"2022-09-08T20:05:26","date_gmt":"2022-09-08T23:05:26","guid":{"rendered":"https:\/\/interessatb.com.br\/?p=1607"},"modified":"2022-09-08T20:07:46","modified_gmt":"2022-09-08T23:07:46","slug":"lancado-projeto-de-valorizacao-da-cultura-local-em-tibagi","status":"publish","type":"post","link":"https:\/\/interessatb.com.br\/?p=1607","title":{"rendered":"Lan\u00e7ado projeto de valoriza\u00e7\u00e3o da cultura local em Tibagi"},"content":{"rendered":"\n<p>A Prefeitura de Tibagi promove at\u00e9 o final de 2022 o projeto \u201cConhecendo e Valorizando nossa Hist\u00f3ria: Tibagi Ontem e Hoje\u201d, por meio da Secretaria de Educa\u00e7\u00e3o e Cultura. Sua meta \u00e9 mostrar um pouco da hist\u00f3ria da cidade, o que ela tem de melhor e a import\u00e2ncia da preserva\u00e7\u00e3o do patrim\u00f4nio hist\u00f3rico e cultural.<\/p>\n\n\n\n<p>O projeto tem como objetivo proporcionar aos alunos dos 4os anos das escolas municipais o conhecimento sobre o desenvolvimento de Tibagi ao longo da hist\u00f3ria. Os alunos v\u00e3o passear por diversos pontos hist\u00f3ricos da cidade, e com orienta\u00e7\u00e3o do historiador Nery Assun\u00e7\u00e3o e das professoras, v\u00e3o conhecer um pouco mais sobre Tibagi.<\/p>\n\n\n\n<p><strong>Veja tamb\u00e9m<\/strong><\/p>\n\n\n\n<p><a href=\"https:\/\/interessatb.com.br\/?p=1577\">Imba\u00fa segue com campanha contra poliomielite e multivacina\u00e7\u00e3o at\u00e9 sexta-feira (09)<\/a><\/p>\n\n\n\n<p><a href=\"https:\/\/interessatb.com.br\/?p=1591\">Tel\u00eamaco Borba viver\u00e1 a Semana da Cultura 2022, que este ano acontece de 12 a 18 de setembro<\/a><\/p>\n\n\n\n<p>De acordo com a secret\u00e1ria de Educa\u00e7\u00e3o, Anne Elize Wrobel, este projeto cultural visa resgatar a mem\u00f3ria da cidade, recente e de tempos passados, al\u00e9m de estimular o interesse pela cultura e o desejo de participar dela. Busca a reflex\u00e3o sobre a historicidade como processo que se renova a cada dia e pretende que os educandos possam perceber-se como pessoas respons\u00e1veis pela constru\u00e7\u00e3o e reconstru\u00e7\u00e3o hist\u00f3rica e estimular a cria\u00e7\u00e3o, a experimenta\u00e7\u00e3o, a observa\u00e7\u00e3o, a curiosidade e as descobertas.<\/p>\n\n\n\n<p><em>Fonte: PMT<\/em> | <em>Foto: Giovagner Pires\/ASCOM Pref. Tibagi.<\/em><\/p>\n","protected":false},"excerpt":{"rendered":"<div class=\"mh-excerpt\"><p>A Prefeitura de Tibagi promove at\u00e9 o final de 2022 o projeto \u201cConhecendo e Valorizando nossa Hist\u00f3ria: Tibagi Ontem e Hoje\u201d, por meio da Secretaria <a class=\"mh-excerpt-more\" href=\"https:\/\/interessatb.com.br\/?p=1607\" title=\"Lan\u00e7ado projeto de valoriza\u00e7\u00e3o da cultura local em Tibagi\">[&#8230;]<\/a><\/p>\n<\/div>","protected":false},"author":1,"featured_media":1611,"comment_status":"closed","ping_status":"closed","sticky":false,"template":"","format":"standard","meta":{"footnotes":""},"categories":[19,5,14],"tags":[],"class_list":["post-1607","post","type-post","status-publish","format-standard","has-post-thumbnail","hentry","category-cultura","category-educacao","category-regiao"],"_links":{"self":[{"href":"https:\/\/interessatb.com.br\/index.php?rest_route=\/wp\/v2\/posts\/1607","targetHints":{"allow":["GET"]}}],"collection":[{"href":"https:\/\/interessatb.com.br\/index.php?rest_route=\/wp\/v2\/posts"}],"about":[{"href":"https:\/\/interessatb.com.br\/index.php?rest_route=\/wp\/v2\/types\/post"}],"author":[{"embeddable":true,"href":"https:\/\/interessatb.com.br\/index.php?rest_route=\/wp\/v2\/users\/1"}],"replies":[{"embeddable":true,"href":"https:\/\/interessatb.com.br\/index.php?rest_route=%2Fwp%2Fv2%2Fcomments&post=1607"}],"version-history":[{"count":6,"href":"https:\/\/interessatb.com.br\/index.php?rest_route=\/wp\/v2\/posts\/1607\/revisions"}],"predecessor-version":[{"id":1614,"href":"https:\/\/interessatb.com.br\/index.php?rest_route=\/wp\/v2\/posts\/1607\/revisions\/1614"}],"wp:featuredmedia":[{"embeddable":true,"href":"https:\/\/interessatb.com.br\/index.php?rest_route=\/wp\/v2\/media\/1611"}],"wp:attachment":[{"href":"https:\/\/interessatb.com.br\/index.php?rest_route=%2Fwp%2Fv2%2Fmedia&parent=1607"}],"wp:term":[{"taxonomy":"category","embeddable":true,"href":"https:\/\/interessatb.com.br\/index.php?rest_route=%2Fwp%2Fv2%2Fcategories&post=1607"},{"taxonomy":"post_tag","embeddable":true,"href":"https:\/\/interessatb.com.br\/index.php?rest_route=%2Fwp%2Fv2%2Ftags&post=1607"}],"curies":[{"name":"wp","href":"https:\/\/api.w.org\/{rel}","templated":true}]}}