{"id":1616,"date":"2022-09-13T06:55:30","date_gmt":"2022-09-13T09:55:30","guid":{"rendered":"https:\/\/interessatb.com.br\/?p=1616"},"modified":"2022-09-24T06:51:34","modified_gmt":"2022-09-24T09:51:34","slug":"telemaco-borba-promove-o-1o-cidade-inova-day-nesta-quarta-feira-14","status":"publish","type":"post","link":"https:\/\/interessatb.com.br\/?p=1616","title":{"rendered":"Tel\u00eamaco Borba promove o 1\u00ba Cidade Inova Day nesta quarta-feira (14)"},"content":{"rendered":"\n<p> A Prefeitura Municipal de Tel\u00eamaco Borba, por meio da Secretaria de Trabalho e Ind\u00fastria Convencional, promove neste dia 14 de setembro a partir das 14hs no espa\u00e7o empresarial do Terminal Rodovi\u00e1rio da cidade, o 1\u00ba Cidade Inova Day.<\/p>\n\n\n\n<p>Ser\u00e1 uma tarde com palestras, apresenta\u00e7\u00f5es de startups e conex\u00e3o de neg\u00f3cios. J\u00e1 est\u00e3o confirmadas participa\u00e7\u00f5es de institui\u00e7\u00f5es como a ACITEL, IFPR, SEBRAE e SENAI, al\u00e9m de empresas que promovem a inova\u00e7\u00e3o em suas atividades.<\/p>\n\n\n\n<p><strong>Veja tamb\u00e9m<\/strong><\/p>\n\n\n\n<p><a href=\"https:\/\/interessatb.com.br\/?p=624\">Em evento concorrido \u00e9 lan\u00e7ado neste dia 17 o Comit\u00ea Vale do Tibagi, com presen\u00e7a de prefeitos da regi\u00e3o<\/a><\/p>\n\n\n\n<p><a href=\"https:\/\/interessatb.com.br\/?p=1450\">Polo Digital Gralha Azul \u00e9 criado com o prop\u00f3sito de fortalecer neg\u00f3cios da \u00e1rea tecnol\u00f3gica na regi\u00e3o<\/a><\/p>\n\n\n\n<p>O evento \u00e9 um desdobramento do programa do munic\u00edpio CIDADE INOVA Aceleradora de Startups, que participar\u00e1 do evento com stands em que os empreendedores participantes estar\u00e3o expondo suas iniciativas.<\/p>\n\n\n\n<p>Na programa\u00e7\u00e3o est\u00e3o quatro pain\u00e9is em que o programa municipal de inova\u00e7\u00e3o ser\u00e1 apresentado, al\u00e9m de debater a educa\u00e7\u00e3o empreendedora e uma rodada de &#8220;pitch&#8221; das startups, momento em que os empreendedores podem apresentar suas iniciativas aos p\u00fablico e poss\u00edveis empreendedores.<\/p>\n\n\n\n<p>A cidade e regi\u00e3o est\u00e1 vivendo um momento de mobiliza\u00e7\u00e3o para se fortalecer como polo difusor de tecnologia e inova\u00e7\u00e3o e iniciativas como esta do poder p\u00fablico municipal demonstram a seriedade com que a comunidade local e regional buscam este objetivo.<\/p>\n\n\n<div class=\"wp-block-image\">\n<figure class=\"aligncenter size-large is-resized\"><img loading=\"lazy\" decoding=\"async\" src=\"https:\/\/interessatb.com.br\/wp-content\/uploads\/2022\/09\/WhatsApp-Image-2022-09-12-at-13.23.47-1-1024x1024.jpeg\" alt=\"\" class=\"wp-image-1620\" width=\"659\" height=\"659\" srcset=\"https:\/\/interessatb.com.br\/wp-content\/uploads\/2022\/09\/WhatsApp-Image-2022-09-12-at-13.23.47-1.jpeg 1024w, https:\/\/interessatb.com.br\/wp-content\/uploads\/2022\/09\/WhatsApp-Image-2022-09-12-at-13.23.47-1-300x300.jpeg 300w, https:\/\/interessatb.com.br\/wp-content\/uploads\/2022\/09\/WhatsApp-Image-2022-09-12-at-13.23.47-1-150x150.jpeg 150w, https:\/\/interessatb.com.br\/wp-content\/uploads\/2022\/09\/WhatsApp-Image-2022-09-12-at-13.23.47-1-768x768.jpeg 768w\" sizes=\"auto, (max-width: 659px) 100vw, 659px\" \/><\/figure>\n<\/div>","protected":false},"excerpt":{"rendered":"<div class=\"mh-excerpt\"><p>A Prefeitura Municipal de Tel\u00eamaco Borba, por meio da Secretaria de Trabalho e Ind\u00fastria Convencional, promove neste dia 14 de setembro a partir das 14hs <a class=\"mh-excerpt-more\" href=\"https:\/\/interessatb.com.br\/?p=1616\" title=\"Tel\u00eamaco Borba promove o 1\u00ba Cidade Inova Day nesta quarta-feira (14)\">[&#8230;]<\/a><\/p>\n<\/div>","protected":false},"author":1,"featured_media":1143,"comment_status":"closed","ping_status":"closed","sticky":false,"template":"","format":"standard","meta":{"footnotes":""},"categories":[2,18,20],"tags":[],"class_list":["post-1616","post","type-post","status-publish","format-standard","has-post-thumbnail","hentry","category-cidade","category-ciencia-e-tecnologia","category-industria-e-comercio"],"_links":{"self":[{"href":"https:\/\/interessatb.com.br\/index.php?rest_route=\/wp\/v2\/posts\/1616","targetHints":{"allow":["GET"]}}],"collection":[{"href":"https:\/\/interessatb.com.br\/index.php?rest_route=\/wp\/v2\/posts"}],"about":[{"href":"https:\/\/interessatb.com.br\/index.php?rest_route=\/wp\/v2\/types\/post"}],"author":[{"embeddable":true,"href":"https:\/\/interessatb.com.br\/index.php?rest_route=\/wp\/v2\/users\/1"}],"replies":[{"embeddable":true,"href":"https:\/\/interessatb.com.br\/index.php?rest_route=%2Fwp%2Fv2%2Fcomments&post=1616"}],"version-history":[{"count":4,"href":"https:\/\/interessatb.com.br\/index.php?rest_route=\/wp\/v2\/posts\/1616\/revisions"}],"predecessor-version":[{"id":1622,"href":"https:\/\/interessatb.com.br\/index.php?rest_route=\/wp\/v2\/posts\/1616\/revisions\/1622"}],"wp:featuredmedia":[{"embeddable":true,"href":"https:\/\/interessatb.com.br\/index.php?rest_route=\/wp\/v2\/media\/1143"}],"wp:attachment":[{"href":"https:\/\/interessatb.com.br\/index.php?rest_route=%2Fwp%2Fv2%2Fmedia&parent=1616"}],"wp:term":[{"taxonomy":"category","embeddable":true,"href":"https:\/\/interessatb.com.br\/index.php?rest_route=%2Fwp%2Fv2%2Fcategories&post=1616"},{"taxonomy":"post_tag","embeddable":true,"href":"https:\/\/interessatb.com.br\/index.php?rest_route=%2Fwp%2Fv2%2Ftags&post=1616"}],"curies":[{"name":"wp","href":"https:\/\/api.w.org\/{rel}","templated":true}]}}