{"id":1629,"date":"2022-09-15T07:21:35","date_gmt":"2022-09-15T10:21:35","guid":{"rendered":"https:\/\/interessatb.com.br\/?p=1629"},"modified":"2022-09-15T07:21:35","modified_gmt":"2022-09-15T10:21:35","slug":"mostra-de-cursos-do-ifpr-expoe-projetos-dos-alunos-com-inovacao-e-tecnologia-agregada","status":"publish","type":"post","link":"https:\/\/interessatb.com.br\/?p=1629","title":{"rendered":"Mostra de Cursos do IFPR exp\u00f5e projetos dos alunos com inova\u00e7\u00e3o e tecnologia agregada"},"content":{"rendered":"\n<p>Neste s\u00e1bado (10) o Instituto Federal do Paran\u00e1, Campus de Tel\u00eamaco Borba apresentou uma mostra dos cursos t\u00e9cnicos da institui\u00e7\u00e3o. Surpreendeu a qualidade dos trabalhos apresentados. Muitos projetos estavam muito pr\u00f3ximos das demandas de mercado.<\/p>\n\n\n\n<p>A mostra \u00e9 uma iniciativa para ajudar estudantes egressos do ensino fundamental na escolha de uma poss\u00edvel carreira como projeto de vida. A Coordenadora do Curso T\u00e9cnico de Programa\u00e7\u00e3o de Jogos Digitais do IFPR, professora Suelyn Fernanda da Silva, e uma das idealizadora da mostra afirma &#8220;sempre procuramos proporcionar atrav\u00e9s das disciplinas de empreendedorismo o ambiente mais pr\u00f3ximo poss\u00edvel do que os estudantes encontrar\u00e3o no futuro ambiente profissional&#8221;.<\/p>\n\n\n\n<p><strong>Veja tamb\u00e9m<\/strong><\/p>\n\n\n\n<p><a href=\"https:\/\/interessatb.com.br\/?p=1616\">Tel\u00eamaco Borba promove o 1\u00ba Cidade Inova Day nesta quarta-feira (14)<\/a><\/p>\n\n\n\n<p><a href=\"https:\/\/interessatb.com.br\/?p=1450\">Polo Digital Gralha Azul \u00e9 criado com o prop\u00f3sito de fortalecer neg\u00f3cios da \u00e1rea tecnol\u00f3gica na regi\u00e3o<\/a><\/p>\n\n\n\n<p>O Instituto apresentou ainda na mostra seu recente Espa\u00e7o Maker, onde os estudantes tem acesso \u00e0 metodologia de ensino &#8220;aprenda fazendo&#8221;. Conforme o professor Samuel Roberto Marcondes, Coordenador de Pesquisa\u00a0e Extens\u00e3o do Instituto, este espa\u00e7o j\u00e1 \u00e9 compartilhado com a rede p\u00fablica estadual de ensino de Paran\u00e1, em parceria com a Secretaria Estadual de Educa\u00e7\u00e3o &#8211; SEED. Assim os alunos do final do ensino fundamental desta rede podem usufruir do espa\u00e7o em um projeto que dura 3 meses.<\/p>\n\n\n\n<p>Al\u00e9m da \u00e1rea de Tecnologia Digital a mostra oportunizou aos visitantes a visita aos stands dos cursos das \u00e1reas de El\u00e9trica e Automa\u00e7\u00e3o Industrial.<\/p>\n\n\n\n<div class=\"wp-block-columns is-layout-flex wp-container-core-columns-is-layout-9d6595d7 wp-block-columns-is-layout-flex\">\n<div class=\"wp-block-column is-layout-flow wp-block-column-is-layout-flow\" style=\"flex-basis:100%\">\n<figure class=\"wp-block-gallery has-nested-images columns-default is-cropped wp-block-gallery-1 is-layout-flex wp-block-gallery-is-layout-flex\">\n<figure class=\"wp-block-image size-large\"><img loading=\"lazy\" decoding=\"async\" width=\"1024\" height=\"576\" data-id=\"1632\" src=\"https:\/\/interessatb.com.br\/wp-content\/uploads\/2022\/09\/Mostra-cursos-IFPR-painel1-1024x576.jpeg\" alt=\"\" class=\"wp-image-1632\" srcset=\"https:\/\/interessatb.com.br\/wp-content\/uploads\/2022\/09\/Mostra-cursos-IFPR-painel1-1024x576.jpeg 1024w, https:\/\/interessatb.com.br\/wp-content\/uploads\/2022\/09\/Mostra-cursos-IFPR-painel1-300x169.jpeg 300w, https:\/\/interessatb.com.br\/wp-content\/uploads\/2022\/09\/Mostra-cursos-IFPR-painel1-768x432.jpeg 768w, https:\/\/interessatb.com.br\/wp-content\/uploads\/2022\/09\/Mostra-cursos-IFPR-painel1-1536x864.jpeg 1536w, https:\/\/interessatb.com.br\/wp-content\/uploads\/2022\/09\/Mostra-cursos-IFPR-painel1-678x381.jpeg 678w, https:\/\/interessatb.com.br\/wp-content\/uploads\/2022\/09\/Mostra-cursos-IFPR-painel1.jpeg 1599w\" sizes=\"auto, (max-width: 1024px) 100vw, 1024px\" \/><\/figure>\n\n\n\n<figure class=\"wp-block-image size-large\"><img loading=\"lazy\" decoding=\"async\" width=\"1024\" height=\"576\" data-id=\"1633\" src=\"https:\/\/interessatb.com.br\/wp-content\/uploads\/2022\/09\/Mostra-cursos-IFPR-painel2-1024x576.jpeg\" alt=\"\" class=\"wp-image-1633\" srcset=\"https:\/\/interessatb.com.br\/wp-content\/uploads\/2022\/09\/Mostra-cursos-IFPR-painel2-1024x576.jpeg 1024w, https:\/\/interessatb.com.br\/wp-content\/uploads\/2022\/09\/Mostra-cursos-IFPR-painel2-300x169.jpeg 300w, https:\/\/interessatb.com.br\/wp-content\/uploads\/2022\/09\/Mostra-cursos-IFPR-painel2-768x432.jpeg 768w, https:\/\/interessatb.com.br\/wp-content\/uploads\/2022\/09\/Mostra-cursos-IFPR-painel2-1536x864.jpeg 1536w, https:\/\/interessatb.com.br\/wp-content\/uploads\/2022\/09\/Mostra-cursos-IFPR-painel2-678x381.jpeg 678w, https:\/\/interessatb.com.br\/wp-content\/uploads\/2022\/09\/Mostra-cursos-IFPR-painel2.jpeg 1599w\" sizes=\"auto, (max-width: 1024px) 100vw, 1024px\" \/><\/figure>\n<\/figure>\n<\/div>\n<\/div>\n\n\n\n<figure class=\"wp-block-gallery has-nested-images columns-default is-cropped wp-block-gallery-2 is-layout-flex wp-block-gallery-is-layout-flex\">\n<figure class=\"wp-block-image size-large\"><img loading=\"lazy\" decoding=\"async\" width=\"1024\" height=\"576\" data-id=\"1634\" src=\"https:\/\/interessatb.com.br\/wp-content\/uploads\/2022\/09\/Mostra-cursos-IFPR-painel3-1024x576.jpeg\" alt=\"\" class=\"wp-image-1634\" srcset=\"https:\/\/interessatb.com.br\/wp-content\/uploads\/2022\/09\/Mostra-cursos-IFPR-painel3-1024x576.jpeg 1024w, https:\/\/interessatb.com.br\/wp-content\/uploads\/2022\/09\/Mostra-cursos-IFPR-painel3-300x169.jpeg 300w, https:\/\/interessatb.com.br\/wp-content\/uploads\/2022\/09\/Mostra-cursos-IFPR-painel3-768x432.jpeg 768w, https:\/\/interessatb.com.br\/wp-content\/uploads\/2022\/09\/Mostra-cursos-IFPR-painel3-1536x864.jpeg 1536w, https:\/\/interessatb.com.br\/wp-content\/uploads\/2022\/09\/Mostra-cursos-IFPR-painel3-678x381.jpeg 678w, https:\/\/interessatb.com.br\/wp-content\/uploads\/2022\/09\/Mostra-cursos-IFPR-painel3.jpeg 1599w\" sizes=\"auto, (max-width: 1024px) 100vw, 1024px\" \/><\/figure>\n\n\n\n<figure class=\"wp-block-image size-large\"><img loading=\"lazy\" decoding=\"async\" width=\"765\" height=\"623\" data-id=\"1635\" src=\"https:\/\/interessatb.com.br\/wp-content\/uploads\/2022\/09\/Mostra-cursos-IFPR-painel4.jpg\" alt=\"\" class=\"wp-image-1635\" srcset=\"https:\/\/interessatb.com.br\/wp-content\/uploads\/2022\/09\/Mostra-cursos-IFPR-painel4.jpg 765w, https:\/\/interessatb.com.br\/wp-content\/uploads\/2022\/09\/Mostra-cursos-IFPR-painel4-300x244.jpg 300w\" sizes=\"auto, (max-width: 765px) 100vw, 765px\" \/><\/figure>\n<\/figure>\n","protected":false},"excerpt":{"rendered":"<div class=\"mh-excerpt\"><p>Neste s\u00e1bado (10) o Instituto Federal do Paran\u00e1, Campus de Tel\u00eamaco Borba apresentou uma mostra dos cursos t\u00e9cnicos da institui\u00e7\u00e3o. Surpreendeu a qualidade dos trabalhos <a class=\"mh-excerpt-more\" href=\"https:\/\/interessatb.com.br\/?p=1629\" title=\"Mostra de Cursos do IFPR exp\u00f5e projetos dos alunos com inova\u00e7\u00e3o e tecnologia agregada\">[&#8230;]<\/a><\/p>\n<\/div>","protected":false},"author":1,"featured_media":1631,"comment_status":"closed","ping_status":"closed","sticky":false,"template":"","format":"standard","meta":{"footnotes":""},"categories":[18,5,14],"tags":[],"class_list":["post-1629","post","type-post","status-publish","format-standard","has-post-thumbnail","hentry","category-ciencia-e-tecnologia","category-educacao","category-regiao"],"_links":{"self":[{"href":"https:\/\/interessatb.com.br\/index.php?rest_route=\/wp\/v2\/posts\/1629","targetHints":{"allow":["GET"]}}],"collection":[{"href":"https:\/\/interessatb.com.br\/index.php?rest_route=\/wp\/v2\/posts"}],"about":[{"href":"https:\/\/interessatb.com.br\/index.php?rest_route=\/wp\/v2\/types\/post"}],"author":[{"embeddable":true,"href":"https:\/\/interessatb.com.br\/index.php?rest_route=\/wp\/v2\/users\/1"}],"replies":[{"embeddable":true,"href":"https:\/\/interessatb.com.br\/index.php?rest_route=%2Fwp%2Fv2%2Fcomments&post=1629"}],"version-history":[{"count":2,"href":"https:\/\/interessatb.com.br\/index.php?rest_route=\/wp\/v2\/posts\/1629\/revisions"}],"predecessor-version":[{"id":1636,"href":"https:\/\/interessatb.com.br\/index.php?rest_route=\/wp\/v2\/posts\/1629\/revisions\/1636"}],"wp:featuredmedia":[{"embeddable":true,"href":"https:\/\/interessatb.com.br\/index.php?rest_route=\/wp\/v2\/media\/1631"}],"wp:attachment":[{"href":"https:\/\/interessatb.com.br\/index.php?rest_route=%2Fwp%2Fv2%2Fmedia&parent=1629"}],"wp:term":[{"taxonomy":"category","embeddable":true,"href":"https:\/\/interessatb.com.br\/index.php?rest_route=%2Fwp%2Fv2%2Fcategories&post=1629"},{"taxonomy":"post_tag","embeddable":true,"href":"https:\/\/interessatb.com.br\/index.php?rest_route=%2Fwp%2Fv2%2Ftags&post=1629"}],"curies":[{"name":"wp","href":"https:\/\/api.w.org\/{rel}","templated":true}]}}