{"id":1637,"date":"2022-09-16T04:49:34","date_gmt":"2022-09-16T07:49:34","guid":{"rendered":"https:\/\/interessatb.com.br\/?p=1637"},"modified":"2022-09-16T05:15:21","modified_gmt":"2022-09-16T08:15:21","slug":"empresas-de-castro-recebem-concessao-de-area-da-prefeitura","status":"publish","type":"post","link":"https:\/\/interessatb.com.br\/?p=1637","title":{"rendered":"Empresas de Castro recebem concess\u00e3o de \u00e1rea da Prefeitura"},"content":{"rendered":"\n<p>A Prefeitura de Castro, por meio da Secretaria Municipal de Cultura, Ind\u00fastria, Com\u00e9rcio e Turismo, assinou nesta segunda-feira (12), a concess\u00e3o p\u00fablica para ocupa\u00e7\u00e3o de duas \u00e1reas no Distrito industrial I para duas empresas castrenses.<\/p>\n\n\n\n<p>As \u00e1reas com 10 e 24 mil m\u00b2 foram cedidas \u00e0s empresas Lauricar Pr\u00e9-Moldados e Cooperativa Agr\u00edcola Uni\u00e3o Castrense Ltda. (Unicastro) por 20 anos com cl\u00e1usula de renova\u00e7\u00e3o pelo mesmo per\u00edodo.<\/p>\n\n\n\n<p>Para o presidente da Unicastro, Osmar Tadashi Okubo, com a nova \u00e1rea, a cooperativa que tem abrang\u00eancia de Castro at\u00e9 Guarapuava e conta com 110 cooperados, vai expandir a secagem e armazenagem de gr\u00e3os. \u201cNossa \u00e1rea atual ficou pequena, pois crescemos e precisamos de mais de espa\u00e7o. Essa concess\u00e3o vem ao encontro do fortalecimento do agroneg\u00f3cio\u201d, disse.<\/p>\n\n\n\n<p><strong>Veja tamb\u00e9m<\/strong><\/p>\n\n\n\n<p><a href=\"https:\/\/interessatb.com.br\/?p=1439\">Tibagi lan\u00e7a Passaporte da Aventura para atrair ainda mais turistas<\/a><\/p>\n\n\n\n<p><a href=\"https:\/\/interessatb.com.br\/?p=1591\">Tel\u00eamaco Borba viver\u00e1 a Semana da Cultura 2022, que este ano acontece de 12 a 18 de setembro<\/a><\/p>\n\n\n\n<p>O propriet\u00e1rio da Lauricar, Carlos Alberto Kachinski, conta que a empresa est\u00e1 instalada h\u00e1 seis anos no bairro Nossa Senhora das Gra\u00e7as em uma \u00e1rea de 11 mil m\u00b2, mas o aumento na demanda fez a empresa buscar mais espa\u00e7o. \u201cA nova \u00e1rea vai permitir o crescimento da empresa com aumento da produ\u00e7\u00e3o e isso \u00e9 bom para o munic\u00edpio\u201d, destacou.<\/p>\n\n\n\n<p>A secret\u00e1ria municipal de Cultura, Ind\u00fastria, Com\u00e9rcio e Turismo, Gisele Coradassi disse que o incentivo \u00e0s empresas faz parte da pol\u00edtica industrial do munic\u00edpio. \u201cA ideia \u00e9 fomentar o crescimento industrial com a atra\u00e7\u00e3o de novas ind\u00fastrias e o fortalecimento das empresas castrenses. A concess\u00e3o dessas \u00e1reas vai proporcionar que essas duas empresas possam expandir seus neg\u00f3cios e beneficiar o munic\u00edpio\u201d, disse.<\/p>\n\n\n\n<p>O prefeito \u00c1lvaro Telles ressaltou que o fomento estruturado \u00e0 industrializa\u00e7\u00e3o \u00e9 um mecanismo para gerar emprego, renda e recursos para o pr\u00f3prio munic\u00edpio. \u201cDentro da pol\u00edtica de industrializa\u00e7\u00e3o temos que oferecer condi\u00e7\u00f5es e incentivos para atrair empresas. Nosso parque industrial conta com toda a infraestrutura e trabalhamos para o crescimento do setor em Castro. \u00c9 importante apoiar e fortalecer as ind\u00fastrias castrenses. Estamos muito felizes em ver que essas duas empresas est\u00e3o se desenvolvendo, crescendo e ampliando suas atividades\u201d, destacou.<\/p>\n\n\n\n<p><em>Fonte e fotos: Prefeitura de Castro &#8211; divulga\u00e7\u00e3o<\/em><\/p>\n","protected":false},"excerpt":{"rendered":"<div class=\"mh-excerpt\"><p>A Prefeitura de Castro, por meio da Secretaria Municipal de Cultura, Ind\u00fastria, Com\u00e9rcio e Turismo, assinou nesta segunda-feira (12), a concess\u00e3o p\u00fablica para ocupa\u00e7\u00e3o de <a class=\"mh-excerpt-more\" href=\"https:\/\/interessatb.com.br\/?p=1637\" title=\"Empresas de Castro recebem concess\u00e3o de \u00e1rea da Prefeitura\">[&#8230;]<\/a><\/p>\n<\/div>","protected":false},"author":1,"featured_media":1638,"comment_status":"closed","ping_status":"closed","sticky":false,"template":"","format":"standard","meta":{"footnotes":""},"categories":[20,14],"tags":[],"class_list":["post-1637","post","type-post","status-publish","format-standard","has-post-thumbnail","hentry","category-industria-e-comercio","category-regiao"],"_links":{"self":[{"href":"https:\/\/interessatb.com.br\/index.php?rest_route=\/wp\/v2\/posts\/1637","targetHints":{"allow":["GET"]}}],"collection":[{"href":"https:\/\/interessatb.com.br\/index.php?rest_route=\/wp\/v2\/posts"}],"about":[{"href":"https:\/\/interessatb.com.br\/index.php?rest_route=\/wp\/v2\/types\/post"}],"author":[{"embeddable":true,"href":"https:\/\/interessatb.com.br\/index.php?rest_route=\/wp\/v2\/users\/1"}],"replies":[{"embeddable":true,"href":"https:\/\/interessatb.com.br\/index.php?rest_route=%2Fwp%2Fv2%2Fcomments&post=1637"}],"version-history":[{"count":1,"href":"https:\/\/interessatb.com.br\/index.php?rest_route=\/wp\/v2\/posts\/1637\/revisions"}],"predecessor-version":[{"id":1639,"href":"https:\/\/interessatb.com.br\/index.php?rest_route=\/wp\/v2\/posts\/1637\/revisions\/1639"}],"wp:featuredmedia":[{"embeddable":true,"href":"https:\/\/interessatb.com.br\/index.php?rest_route=\/wp\/v2\/media\/1638"}],"wp:attachment":[{"href":"https:\/\/interessatb.com.br\/index.php?rest_route=%2Fwp%2Fv2%2Fmedia&parent=1637"}],"wp:term":[{"taxonomy":"category","embeddable":true,"href":"https:\/\/interessatb.com.br\/index.php?rest_route=%2Fwp%2Fv2%2Fcategories&post=1637"},{"taxonomy":"post_tag","embeddable":true,"href":"https:\/\/interessatb.com.br\/index.php?rest_route=%2Fwp%2Fv2%2Ftags&post=1637"}],"curies":[{"name":"wp","href":"https:\/\/api.w.org\/{rel}","templated":true}]}}