{"id":1640,"date":"2022-09-16T05:15:06","date_gmt":"2022-09-16T08:15:06","guid":{"rendered":"https:\/\/interessatb.com.br\/?p=1640"},"modified":"2022-09-16T05:20:36","modified_gmt":"2022-09-16T08:20:36","slug":"7a-festa-do-produtor-rural-comeca-hoje-em-reserva","status":"publish","type":"post","link":"https:\/\/interessatb.com.br\/?p=1640","title":{"rendered":"7\u00aa Festa do Produtor Rural come\u00e7a hoje em Reserva"},"content":{"rendered":"\n<p>Come\u00e7a amanh\u00e3 (16) e vai at\u00e9 domingo (18) a 7\u00aa Festa do Produtor Rural, no Centro de Eventos, promovida em parceria Prefeitura Municipal e o Sindicato Rural de Reserva. A entrada \u00e9 gratuita e somente no \u00faltimo show com a dupla Fernando Sorocaba ser\u00e1 exigido um quilo de alimento n\u00e3o perec\u00edvel e o montante ser\u00e1 doado \u00e0s institui\u00e7\u00f5es de caridade. O evento acontece no Centro de Eventos fica na sa\u00edda de Reserva sentido C\u00e2ndido de Abreu, na PR-239, lugar tradicional dos rodeios<\/p>\n\n\n\n<p>A festa come\u00e7a \u00e0s 20h com abertura oficial em que estar\u00e3o v\u00e1rias autoridades, entre elas o prefeito e o presidente do sindicato, Ant\u00f4nio Valdemir Roberto, na sequ\u00eancia apresenta\u00e7\u00e3o de artistas locais e Leth\u00b4s beat. No s\u00e1bado (17) a divers\u00e3o continua o dia todo e \u00e0 noite shows sertanejos com Niko Lopes, Stefanie e Rafa e para encerrar \u00e0s 22h Carreiro e Capataz, dos sucessos \u2018\u2019Descart\u00e1vel\u2019\u2019, \u2018\u2018Lobo Sozinho\u2019\u2019 e \u2018Pref\u00e1cio\u2019\u2019.<\/p>\n\n\n\n<p>No domingo (18) e \u00faltimo dia da festa, as atividades iniciam \u00e0s 10h com tratora\u00e7o, saindo em frente ao Banco do Brasil at\u00e9 o Centro de Eventos, 13h Grupo Inova\u00e7\u00e3o e fechando com chave de ouro, Fernando e Sorocaba, \u00e0s 21h30. Voc\u00ea e sua fam\u00edlia ir\u00e3o acompanhar os sucessos como \u2018\u2019Madri\u2019\u2019, \u2018\u2019S\u00f3 n\u00e3o Divulga\u2019\u2019 e muitos outras can\u00e7\u00f5es que estouram nas r\u00e1dios e servi\u00e7os de streaming. Al\u00e9m de pra\u00e7a de alimenta\u00e7\u00e3o, museu agr\u00edcola, feira dos produtores da agricultura familiar e parque de divers\u00f5es todos os dias.<\/p>\n\n\n\n<p><strong>Veja tamb\u00e9m<\/strong><\/p>\n\n\n\n<p><a href=\"https:\/\/interessatb.com.br\/?p=1616\">Tel\u00eamaco Borba promove o 1\u00ba Cidade Inova Day nesta quarta-feira (14)<\/a><\/p>\n\n\n\n<p><a href=\"https:\/\/interessatb.com.br\/?p=1629\">Mostra de Cursos do IFPR exp\u00f5e projetos dos alunos com inova\u00e7\u00e3o e tecnologia agregada<\/a><\/p>\n\n\n\n<p>O munic\u00edpio tem mais de 27 mil habitantes e 48% da popula\u00e7\u00e3o na zona rural, sendo o setor agropecu\u00e1rio ocupando 56% do trabalho no interior e depois a agricultura familiar. Outros destaques s\u00e3o as hortali\u00e7as em geral, o tomate, pepino, repolho, couve, r\u00facula e outras comest\u00edveis. Reserva possui aproximadamente 680 agricultores, 500 fam\u00edlias trabalhando diretamente no campo e pouco mais de 4 mil cadastros ativos de produtores rurais, segundo dados do Instituto de Desenvolvimento Rural do Paran\u00e1 (IDR-Paran\u00e1) e Secretaria Municipal de Agricultura.<\/p>\n\n\n\n<p><em>Fonte: Assessoria de Comunica\u00e7\u00e3o Prefeitura de Reserva<\/em><\/p>\n","protected":false},"excerpt":{"rendered":"<div class=\"mh-excerpt\"><p>Come\u00e7a amanh\u00e3 (16) e vai at\u00e9 domingo (18) a 7\u00aa Festa do Produtor Rural, no Centro de Eventos, promovida em parceria Prefeitura Municipal e o <a class=\"mh-excerpt-more\" href=\"https:\/\/interessatb.com.br\/?p=1640\" title=\"7\u00aa Festa do Produtor Rural come\u00e7a hoje em Reserva\">[&#8230;]<\/a><\/p>\n<\/div>","protected":false},"author":1,"featured_media":1645,"comment_status":"closed","ping_status":"closed","sticky":false,"template":"","format":"standard","meta":{"footnotes":""},"categories":[14],"tags":[],"class_list":["post-1640","post","type-post","status-publish","format-standard","has-post-thumbnail","hentry","category-regiao"],"_links":{"self":[{"href":"https:\/\/interessatb.com.br\/index.php?rest_route=\/wp\/v2\/posts\/1640","targetHints":{"allow":["GET"]}}],"collection":[{"href":"https:\/\/interessatb.com.br\/index.php?rest_route=\/wp\/v2\/posts"}],"about":[{"href":"https:\/\/interessatb.com.br\/index.php?rest_route=\/wp\/v2\/types\/post"}],"author":[{"embeddable":true,"href":"https:\/\/interessatb.com.br\/index.php?rest_route=\/wp\/v2\/users\/1"}],"replies":[{"embeddable":true,"href":"https:\/\/interessatb.com.br\/index.php?rest_route=%2Fwp%2Fv2%2Fcomments&post=1640"}],"version-history":[{"count":3,"href":"https:\/\/interessatb.com.br\/index.php?rest_route=\/wp\/v2\/posts\/1640\/revisions"}],"predecessor-version":[{"id":1644,"href":"https:\/\/interessatb.com.br\/index.php?rest_route=\/wp\/v2\/posts\/1640\/revisions\/1644"}],"wp:featuredmedia":[{"embeddable":true,"href":"https:\/\/interessatb.com.br\/index.php?rest_route=\/wp\/v2\/media\/1645"}],"wp:attachment":[{"href":"https:\/\/interessatb.com.br\/index.php?rest_route=%2Fwp%2Fv2%2Fmedia&parent=1640"}],"wp:term":[{"taxonomy":"category","embeddable":true,"href":"https:\/\/interessatb.com.br\/index.php?rest_route=%2Fwp%2Fv2%2Fcategories&post=1640"},{"taxonomy":"post_tag","embeddable":true,"href":"https:\/\/interessatb.com.br\/index.php?rest_route=%2Fwp%2Fv2%2Ftags&post=1640"}],"curies":[{"name":"wp","href":"https:\/\/api.w.org\/{rel}","templated":true}]}}