{"id":1654,"date":"2022-09-24T06:39:57","date_gmt":"2022-09-24T09:39:57","guid":{"rendered":"https:\/\/interessatb.com.br\/?p=1654"},"modified":"2022-09-28T03:15:38","modified_gmt":"2022-09-28T06:15:38","slug":"raciocinio-logico-uma-competencia-amplamente-reconhecida-pelo-mercado-de-trabalho","status":"publish","type":"post","link":"https:\/\/interessatb.com.br\/?p=1654","title":{"rendered":"Racioc\u00ednio l\u00f3gico: uma compet\u00eancia amplamente reconhecida pelo mercado de trabalho"},"content":{"rendered":"<div class=\"wp-block-image is-style-rounded\">\n<figure class=\"alignleft size-full is-resized\"><img loading=\"lazy\" decoding=\"async\" src=\"http:\/\/interessatb.com.br\/wp-content\/uploads\/2022\/03\/Jacir-J-Venturi-Mercury.jpg\" alt=\"\" class=\"wp-image-971\" width=\"64\" height=\"70\"\/><\/figure>\n<\/div>\n\n\n<p>Jacir Venturi*<\/p>\n\n\n\n<p>Diferentemente de pa\u00edses desenvolvidos, a cultura brasileira geralmente pouco valoriza o racioc\u00ednio l\u00f3gico, o aprofundamento, a t\u00eampera racional, como pouco valoriza o esfor\u00e7o, o m\u00e9rito, o bom rendimento escolar. Pesquisadores da Universidade de Harvard provaram cientificamente que a reflex\u00e3o \u00e9 indispens\u00e1vel para o aprendizado de conte\u00fados mais profundos e boa performance laboral. Todo profissional com bom racioc\u00ednio dedutivo \u00e9 um resolvedor de problemas \u2013 que para o mercado de trabalho \u00e9 uma das mais recomendadas compet\u00eancias socioemocionais ou soft skills.<br>Defrontar-se com uma tarefa mais complexa faz bem aos neur\u00f4nios, desenvolve a autonomia intelectual e a confian\u00e7a para superar outros desafios. Vinte minutos dedicados a um problema dif\u00edcil \u2013 mesmo que n\u00e3o resolvido \u2013 promovem mais pulsos el\u00e9tricos nas sinapses do que a resolu\u00e7\u00e3o de cinco outros exerc\u00edcios bastante acess\u00edveis.<br>Por estas e outras raz\u00f5es, estimular o racioc\u00ednio deve ser uma das principais incumb\u00eancias dos pais e professores, em especial no ambiente escolar. Que o nosso educando compreenda e produza bons textos e seja capaz de exp\u00f4-los com clareza, s\u00edntese e l\u00f3gica s\u00e3o importantes legados que a institui\u00e7\u00e3o de ensino pode oferecer.<br>Todavia, recorrentes e at\u00e9 enfadonhas \u2013 embora cruelmente verdadeiras \u2013 s\u00e3o as not\u00edcias do baixo desempenho dos nossos discentes, na compara\u00e7\u00e3o com outros pa\u00edses, em avalia\u00e7\u00f5es internacionais. No \u00faltimo Pisa, do qual participaram adolescentes de 15 e 16 anos de 70 pa\u00edses, o Brasil se manteve na 64.\u00aa posi\u00e7\u00e3o no conjunto de Matem\u00e1tica, Ci\u00eancias e Portugu\u00eas. No \u00faltimo Saeb (Sistema de Avalia\u00e7\u00e3o da Educa\u00e7\u00e3o B\u00e1sica), aplicado ao final de 2021 em todos os estados brasileiros (cerca de 5,3 milh\u00f5es de alunos de escolas p\u00fablicas fizeram a prova escrita), apenas 9,1% dos concluintes do Ensino M\u00e9dio, apresentaram aprendizado adequado dos conte\u00fados de Matem\u00e1tica.<br><\/p>\n\n\n\n<p><strong>Veja tamb\u00e9m<\/strong><\/p>\n\n\n\n<p><a href=\"https:\/\/interessatb.com.br\/?p=1616\">Tel\u00eamaco Borba promove o 1\u00ba Cidade Inova Day nesta quarta-feira (14)<\/a><\/p>\n\n\n\n<p><a href=\"https:\/\/interessatb.com.br\/?p=1629\">Mostra de Cursos do IFPR exp\u00f5e projetos dos alunos com inova\u00e7\u00e3o e tecnologia agregada<\/a><\/p>\n\n\n\n<p>Todas essas provas priorizam o racioc\u00ednio l\u00f3gico e a interpreta\u00e7\u00e3o de textos, contrapontos \u00e0 nossa predomin\u00e2ncia hist\u00f3rica de um ensino herm\u00e9tico, conteudista, minimamente interdisciplinar ou contextualizado. H\u00e1 uma lufada de esperan\u00e7a com a implanta\u00e7\u00e3o do Novo Ensino M\u00e9dio a partir do corrente ano, com seus 4 itiner\u00e1rios formativos e uma nova \u00eanfase ao ensino profissionalizante. Se os governantes e n\u00f3s, educadores, temos responsabilidades pelo status quo de nossa combalida educa\u00e7\u00e3o, h\u00e1 de se compartilh\u00e1-la com uma boa parte dos estudantes, pois a frequente in\u00e9rcia, apatia e indisciplina contagiam todo o ambiente escolar.<br>Permita-me uma analogia com a atividade f\u00edsica: acordar \u00e0s 6 horas para nadar, puxar ferro numa academia ou caminhar pode n\u00e3o ser nada prazeroso, mas depois de 30 minutos\u2026 ah, sim, adv\u00e9m a sensa\u00e7\u00e3o de bem-estar provocada pela serotonina. Assim como os m\u00fasculos se fortalecem com os exerc\u00edcios f\u00edsicos, igualmente novas redes neurais se formam por meio de atividades que exijam racioc\u00ednio, abstra\u00e7\u00e3o, an\u00e1lise cr\u00edtica. Destarte, o c\u00e9rebro produz uma prote\u00edna denominada neurotrofina que induz o desenvolvimento dos neur\u00f4nios. Com isso, um ciclo virtuoso se estabelece, favorecendo a forma\u00e7\u00e3o de novas sinapses que, por sua vez, retardam os males degenerativos, pois uma mente pregui\u00e7osa \u00e9 oficina de doen\u00e7as e do afastamento de um bom conv\u00edvio social.<br>Vivenciamos um momento hist\u00f3rico singular, com amplo dom\u00ednio de polariza\u00e7\u00f5es, dogmatiza\u00e7\u00f5es e fake news, no qual quase todo ser humano se julga no direito de ser levado a s\u00e9rio, mas cujas manifesta\u00e7\u00f5es nas redes sociais s\u00e3o muitas vezes irrefletidas, rasas e infundadas. Conquanto os gregos nos tenham deixado de heran\u00e7a o prazer de pensar, que culminou no esp\u00edrito cartesiano \u2013 cogito, ergo sum \u2013, ou seja, \u201cpenso, logo existo\u201d. Ademais, o franc\u00eas, Henry Poincar\u00e9, nascido em 1845, fil\u00f3sofo e matem\u00e1tico, bem complementa o est\u00edmulo \u00e0 reflex\u00e3o, ao pensamento cr\u00edtico e ao bom discernimento: \u201cDuvidar de tudo ou acreditar em tudo s\u00e3o atitudes pregui\u00e7osas. Dispensam-nos de refletir\u201d. E o mercado de trabalho sabe bem valorizar o profissional que possui e aplica a virtude do racioc\u00ednio l\u00f3gico na solu\u00e7\u00e3o de problemas e na inova\u00e7\u00e3o.<\/p>\n\n\n\n<p><em>(*) Jacir J. Venturi, graduado em matem\u00e1tica e engenharia pela UFPR, autor de 4 livros, vice-presidente do Conselho Estadual de Educa\u00e7\u00e3o do Paran\u00e1, foi professor da UFPR, PUCPR e Coordenador na Universidade Positivo.<\/em><\/p>\n","protected":false},"excerpt":{"rendered":"<div class=\"mh-excerpt\"><p>Jacir Venturi* Diferentemente de pa\u00edses desenvolvidos, a cultura brasileira geralmente pouco valoriza o racioc\u00ednio l\u00f3gico, o aprofundamento, a t\u00eampera racional, como pouco valoriza o esfor\u00e7o, <a class=\"mh-excerpt-more\" href=\"https:\/\/interessatb.com.br\/?p=1654\" title=\"Racioc\u00ednio l\u00f3gico: uma compet\u00eancia amplamente reconhecida pelo mercado de trabalho\">[&#8230;]<\/a><\/p>\n<\/div>","protected":false},"author":1,"featured_media":1655,"comment_status":"closed","ping_status":"closed","sticky":false,"template":"","format":"standard","meta":{"footnotes":""},"categories":[3,9],"tags":[],"class_list":["post-1654","post","type-post","status-publish","format-standard","has-post-thumbnail","hentry","category-colunistas","category-colunista-jacir-venturi"],"_links":{"self":[{"href":"https:\/\/interessatb.com.br\/index.php?rest_route=\/wp\/v2\/posts\/1654","targetHints":{"allow":["GET"]}}],"collection":[{"href":"https:\/\/interessatb.com.br\/index.php?rest_route=\/wp\/v2\/posts"}],"about":[{"href":"https:\/\/interessatb.com.br\/index.php?rest_route=\/wp\/v2\/types\/post"}],"author":[{"embeddable":true,"href":"https:\/\/interessatb.com.br\/index.php?rest_route=\/wp\/v2\/users\/1"}],"replies":[{"embeddable":true,"href":"https:\/\/interessatb.com.br\/index.php?rest_route=%2Fwp%2Fv2%2Fcomments&post=1654"}],"version-history":[{"count":2,"href":"https:\/\/interessatb.com.br\/index.php?rest_route=\/wp\/v2\/posts\/1654\/revisions"}],"predecessor-version":[{"id":1658,"href":"https:\/\/interessatb.com.br\/index.php?rest_route=\/wp\/v2\/posts\/1654\/revisions\/1658"}],"wp:featuredmedia":[{"embeddable":true,"href":"https:\/\/interessatb.com.br\/index.php?rest_route=\/wp\/v2\/media\/1655"}],"wp:attachment":[{"href":"https:\/\/interessatb.com.br\/index.php?rest_route=%2Fwp%2Fv2%2Fmedia&parent=1654"}],"wp:term":[{"taxonomy":"category","embeddable":true,"href":"https:\/\/interessatb.com.br\/index.php?rest_route=%2Fwp%2Fv2%2Fcategories&post=1654"},{"taxonomy":"post_tag","embeddable":true,"href":"https:\/\/interessatb.com.br\/index.php?rest_route=%2Fwp%2Fv2%2Ftags&post=1654"}],"curies":[{"name":"wp","href":"https:\/\/api.w.org\/{rel}","templated":true}]}}