{"id":1673,"date":"2022-09-28T03:13:04","date_gmt":"2022-09-28T06:13:04","guid":{"rendered":"https:\/\/interessatb.com.br\/?p=1673"},"modified":"2022-09-28T03:14:30","modified_gmt":"2022-09-28T06:14:30","slug":"prazo-para-declaracao-do-itr-em-tibagi-vai-ate-esta-sexta-feira-30","status":"publish","type":"post","link":"https:\/\/interessatb.com.br\/?p=1673","title":{"rendered":"Prazo para declara\u00e7\u00e3o do ITR em Tibagi vai at\u00e9 sexta-feira, 30"},"content":{"rendered":"\n<p>A Prefeitura de Tibagi, atrav\u00e9s da Secretaria de Finan\u00e7as, informa que vai at\u00e9 o dia 30 de setembro o prazo para a declara\u00e7\u00e3o do Imposto Territorial Rural (ITR) em Tibagi e em todo o Brasil.<\/p>\n\n\n\n<p>Imposto Territorial Rural \u00e9 devido por pessoas f\u00edsicas ou jur\u00eddicas que s\u00e3o propriet\u00e1rias, titulares de dom\u00ednio \u00fatil ou detentoras de qualquer t\u00edtulo de im\u00f3vel rural. Declara\u00e7\u00f5es podem ser feitas de maneira online.<\/p>\n\n\n\n<p>O ITR \u00e9 devido por pessoas f\u00edsicas ou jur\u00eddicas que s\u00e3o propriet\u00e1rias, titulares de dom\u00ednio \u00fatil ou detentoras de qualquer t\u00edtulo de im\u00f3vel rural. De acordo com o secret\u00e1rio de Finan\u00e7as do munic\u00edpio de Tibagi, Joairan Carneiro, existe uma normativa da Receita Federal Brasileira que estabelece que se fa\u00e7a a divulga\u00e7\u00e3o dos valores de base para o ITR.<\/p>\n\n\n\n<p><strong>Veja tamb\u00e9m<\/strong><\/p>\n\n\n\n<p><a href=\"https:\/\/interessatb.com.br\/?p=1607\">Lan\u00e7ado projeto de valoriza\u00e7\u00e3o da cultura local em Tibagi<\/a><\/p>\n\n\n\n<p><a href=\"https:\/\/interessatb.com.br\/?p=1455\">Transporte Coletivo de Tel\u00eamaco Borba volta a funcionar aos domingos, em car\u00e1ter experimental, a partir de 04\/09<\/a><\/p>\n\n\n\n<p>O produtor rural ou propriet\u00e1rio de im\u00f3vel rural que ficou com d\u00favidas quanto a declara\u00e7\u00e3o e necessita de outras informa\u00e7\u00f5es pertinentes pode procurar a Secretaria de Finan\u00e7as de Tibagi que fica na Pra\u00e7a Edmundo Mercer, 34, no centro. O telefone para contato \u00e9 o 3916-2200 ramal 2143 ou ent\u00e3o diretamente no Setor de Tributa\u00e7\u00e3o pelo 3916-200 ramal 2144.<\/p>\n\n\n\n<p><em>Fonte: adaptado de Texto: Assessoria de Comunica\u00e7\u00e3o Prefeitura de Tibagi<\/em><\/p>\n","protected":false},"excerpt":{"rendered":"<div class=\"mh-excerpt\"><p>A Prefeitura de Tibagi, atrav\u00e9s da Secretaria de Finan\u00e7as, informa que vai at\u00e9 o dia 30 de setembro o prazo para a declara\u00e7\u00e3o do Imposto <a class=\"mh-excerpt-more\" href=\"https:\/\/interessatb.com.br\/?p=1673\" title=\"Prazo para declara\u00e7\u00e3o do ITR em Tibagi vai at\u00e9 sexta-feira, 30\">[&#8230;]<\/a><\/p>\n<\/div>","protected":false},"author":1,"featured_media":1674,"comment_status":"closed","ping_status":"closed","sticky":false,"template":"","format":"standard","meta":{"footnotes":""},"categories":[14],"tags":[],"class_list":["post-1673","post","type-post","status-publish","format-standard","has-post-thumbnail","hentry","category-regiao"],"_links":{"self":[{"href":"https:\/\/interessatb.com.br\/index.php?rest_route=\/wp\/v2\/posts\/1673","targetHints":{"allow":["GET"]}}],"collection":[{"href":"https:\/\/interessatb.com.br\/index.php?rest_route=\/wp\/v2\/posts"}],"about":[{"href":"https:\/\/interessatb.com.br\/index.php?rest_route=\/wp\/v2\/types\/post"}],"author":[{"embeddable":true,"href":"https:\/\/interessatb.com.br\/index.php?rest_route=\/wp\/v2\/users\/1"}],"replies":[{"embeddable":true,"href":"https:\/\/interessatb.com.br\/index.php?rest_route=%2Fwp%2Fv2%2Fcomments&post=1673"}],"version-history":[{"count":2,"href":"https:\/\/interessatb.com.br\/index.php?rest_route=\/wp\/v2\/posts\/1673\/revisions"}],"predecessor-version":[{"id":1676,"href":"https:\/\/interessatb.com.br\/index.php?rest_route=\/wp\/v2\/posts\/1673\/revisions\/1676"}],"wp:featuredmedia":[{"embeddable":true,"href":"https:\/\/interessatb.com.br\/index.php?rest_route=\/wp\/v2\/media\/1674"}],"wp:attachment":[{"href":"https:\/\/interessatb.com.br\/index.php?rest_route=%2Fwp%2Fv2%2Fmedia&parent=1673"}],"wp:term":[{"taxonomy":"category","embeddable":true,"href":"https:\/\/interessatb.com.br\/index.php?rest_route=%2Fwp%2Fv2%2Fcategories&post=1673"},{"taxonomy":"post_tag","embeddable":true,"href":"https:\/\/interessatb.com.br\/index.php?rest_route=%2Fwp%2Fv2%2Ftags&post=1673"}],"curies":[{"name":"wp","href":"https:\/\/api.w.org\/{rel}","templated":true}]}}