{"id":1690,"date":"2022-10-01T09:27:57","date_gmt":"2022-10-01T12:27:57","guid":{"rendered":"https:\/\/interessatb.com.br\/?p=1690"},"modified":"2022-10-01T10:13:49","modified_gmt":"2022-10-01T13:13:49","slug":"eleicoes-2022-que-documentos-posso-utilizar-no-momento-da-votacao","status":"publish","type":"post","link":"https:\/\/interessatb.com.br\/?p=1690","title":{"rendered":"Elei\u00e7\u00f5es 2022: Que documentos s\u00e3o permitidos no momento da vota\u00e7\u00e3o"},"content":{"rendered":"\n<p>Eleitores poder\u00e3o votar sem o t\u00edtulo, mas dever\u00e3o apresentar obrigatoriamente documento oficial com foto que comprove a identidade ou o e-T\u00edtulo com fotografia.<\/p>\n\n\n\n<p>No dia 2 de outubro, primeiro turno das Elei\u00e7\u00f5es Gerais de 2022, eleitoras e eleitores v\u00e3o \u00e0s urnas para escolher os novos presidente, governadores, senadores, deputados federais e estaduais ou distritais. Para que exer\u00e7am o direito ao voto, \u00e9 necess\u00e1rio que levem apenas um documento de identifica\u00e7\u00e3o oficial com foto, pois a apresenta\u00e7\u00e3o do t\u00edtulo eleitoral no dia do pleito n\u00e3o \u00e9 obrigat\u00f3ria.<\/p>\n\n\n\n<p><strong>Veja tamb\u00e9m<\/strong><\/p>\n\n\n\n<p><a href=\"https:\/\/interessatb.com.br\/?p=1695\">Elei\u00e7\u00f5es 2022: Como descobrir o local de vota\u00e7\u00e3o<\/a><\/p>\n\n\n\n<p><a href=\"https:\/\/interessatb.com.br\/?p=1455\">Transporte Coletivo de Tel\u00eamaco Borba volta a funcionar aos domingos, em car\u00e1ter experimental, a partir de 04\/09<\/a><\/p>\n\n\n\n<p>Dessa forma, no momento da vota\u00e7\u00e3o, ser\u00e3o aceitos a identidade, a carteira de motorista com foto, o certificado de reservista, a carteira de trabalho, o passaporte e a identidade funcional emitida por \u00f3rg\u00e3o de classe. Esses documentos poder\u00e3o ser usados ainda que a data de validade esteja vencida. As certid\u00f5es de nascimento ou de casamento, no entanto, n\u00e3o valem como prova de identidade na hora de votar.<\/p>\n\n\n\n<p><strong>E-T\u00edtulo<\/strong><\/p>\n\n\n\n<p>H\u00e1 ainda a possibilidade de a eleitora ou o eleitor votar apresentando o\u00a0<a rel=\"noreferrer noopener\" href=\"https:\/\/www.justicaeleitoral.jus.br\/titulo-eleitoral\/#videos-titulo\" target=\"_blank\">e-T\u00edtulo<\/a><strong>.<\/strong>\u00a0O aplicativo, que funciona como uma vers\u00e3o digital do t\u00edtulo de eleitor, permite que a pessoa visualize o n\u00famero do documento de vota\u00e7\u00e3o, justifique o voto e consulte as informa\u00e7\u00f5es cadastradas na Justi\u00e7a Eleitoral, entre outras op\u00e7\u00f5es. Neste domingo, 2 de outubro, fica suspensa a emiss\u00e3o do e-Titulo devido \u00e0 elei\u00e7\u00e3o. Portanto s\u00f3 \u00e9 poss\u00edvel sua emiss\u00e3o para uso nesta elei\u00e7\u00e3o at\u00e9 \u00e0s 23h59 de hoje, v\u00e9spera da vota\u00e7\u00e3o.<\/p>\n\n\n\n<p><strong>Recadastramento<\/strong><\/p>\n\n\n\n<p>Caso o eleitor j\u00e1 tenha feito o cadastramento biom\u00e9trico (com as impress\u00f5es digitais) na Justi\u00e7a Eleitoral, o perfil no e-T\u00edtulo vir\u00e1 acompanhado de uma foto. Isso facilita a identifica\u00e7\u00e3o no momento do voto. A imagem da pessoa s\u00f3 aparecer\u00e1 se j\u00e1 tiver feito o esse cadastro. Caso a fotografia n\u00e3o apare\u00e7a, ser\u00e1 necess\u00e1rio levar tamb\u00e9m um documento oficial com foto na hora de votar.<\/p>\n","protected":false},"excerpt":{"rendered":"<div class=\"mh-excerpt\"><p>Eleitores poder\u00e3o votar sem o t\u00edtulo, mas dever\u00e3o apresentar obrigatoriamente documento oficial com foto que comprove a identidade ou o e-T\u00edtulo com fotografia. No dia <a class=\"mh-excerpt-more\" href=\"https:\/\/interessatb.com.br\/?p=1690\" title=\"Elei\u00e7\u00f5es 2022: Que documentos s\u00e3o permitidos no momento da vota\u00e7\u00e3o\">[&#8230;]<\/a><\/p>\n<\/div>","protected":false},"author":1,"featured_media":1691,"comment_status":"closed","ping_status":"closed","sticky":false,"template":"","format":"standard","meta":{"footnotes":""},"categories":[16,13,14],"tags":[],"class_list":["post-1690","post","type-post","status-publish","format-standard","has-post-thumbnail","hentry","category-brasil","category-politica","category-regiao"],"_links":{"self":[{"href":"https:\/\/interessatb.com.br\/index.php?rest_route=\/wp\/v2\/posts\/1690","targetHints":{"allow":["GET"]}}],"collection":[{"href":"https:\/\/interessatb.com.br\/index.php?rest_route=\/wp\/v2\/posts"}],"about":[{"href":"https:\/\/interessatb.com.br\/index.php?rest_route=\/wp\/v2\/types\/post"}],"author":[{"embeddable":true,"href":"https:\/\/interessatb.com.br\/index.php?rest_route=\/wp\/v2\/users\/1"}],"replies":[{"embeddable":true,"href":"https:\/\/interessatb.com.br\/index.php?rest_route=%2Fwp%2Fv2%2Fcomments&post=1690"}],"version-history":[{"count":7,"href":"https:\/\/interessatb.com.br\/index.php?rest_route=\/wp\/v2\/posts\/1690\/revisions"}],"predecessor-version":[{"id":1708,"href":"https:\/\/interessatb.com.br\/index.php?rest_route=\/wp\/v2\/posts\/1690\/revisions\/1708"}],"wp:featuredmedia":[{"embeddable":true,"href":"https:\/\/interessatb.com.br\/index.php?rest_route=\/wp\/v2\/media\/1691"}],"wp:attachment":[{"href":"https:\/\/interessatb.com.br\/index.php?rest_route=%2Fwp%2Fv2%2Fmedia&parent=1690"}],"wp:term":[{"taxonomy":"category","embeddable":true,"href":"https:\/\/interessatb.com.br\/index.php?rest_route=%2Fwp%2Fv2%2Fcategories&post=1690"},{"taxonomy":"post_tag","embeddable":true,"href":"https:\/\/interessatb.com.br\/index.php?rest_route=%2Fwp%2Fv2%2Ftags&post=1690"}],"curies":[{"name":"wp","href":"https:\/\/api.w.org\/{rel}","templated":true}]}}