{"id":1715,"date":"2022-10-11T06:36:33","date_gmt":"2022-10-11T09:36:33","guid":{"rendered":"https:\/\/interessatb.com.br\/?p=1715"},"modified":"2022-10-19T06:49:37","modified_gmt":"2022-10-19T09:49:37","slug":"liderancas-empresariais-de-telemaco-borba-visitam-parques-tecnologicos-da-regiao-sul-do-parana","status":"publish","type":"post","link":"https:\/\/interessatb.com.br\/?p=1715","title":{"rendered":"Lideran\u00e7as empresariais de Tel\u00eamaco Borba visitam Parques Tecnol\u00f3gicos da regi\u00e3o sul\/sudeste do Paran\u00e1"},"content":{"rendered":"\n<p>A Miss\u00e3o T\u00e9cnica composta de lideran\u00e7as empresariais partiu nesta quinta-feira, 06, em busca de novos conhecimentos sobre parques tecnol\u00f3gicos, espa\u00e7os de inova\u00e7\u00e3o e incubadoras de startups em modelos mantidos tanto pela iniciativa privada, quanto poder p\u00fablico e associa\u00e7\u00f5es de classe de empres\u00e1rios. A viagem foi organizada e apoiada pela equipe regional do SEBRAE PR.<\/p>\n\n\n\n<p>Durante os dias 06 e 07 de outubro foram percorridos aproximadamente 1.000Km entre visitas a institui\u00e7\u00f5es, \u00f3rg\u00e3os p\u00fablicos, empresas privadas e espa\u00e7os de inova\u00e7\u00e3o. A comitiva contou com a presen\u00e7a da equipe da Associa\u00e7\u00e3o Comercial e Empresarial de Tel\u00eamaco Borba &#8211; ACITEL e sua presidente Sonia Maria Ribeiro, do Polo Digital Gralha Azul representado por seu presidente Celso Augusto Souza de Oliveira, o Comit\u00ea Territorial Vale do Tibagi representado por sua presidente Ericleia&nbsp;de Fatima&nbsp;Dlugosz&nbsp;da Silva e seu vice Jo\u00e3o Maria Fermino e a equipe regional do SEBRAE (Tel\u00eamaco Borba, Ponta Grossa, Irati e Prudent\u00f3polis).<\/p>\n\n\n\n<figure class=\"wp-block-gallery has-nested-images columns-default is-cropped wp-block-gallery-1 is-layout-flex wp-block-gallery-is-layout-flex\">\n<figure class=\"wp-block-image size-large\"><img loading=\"lazy\" decoding=\"async\" width=\"1024\" height=\"768\" data-id=\"1717\" src=\"https:\/\/interessatb.com.br\/wp-content\/uploads\/2022\/10\/WhatsApp-Image-2022-10-07-at-17.36.31-1024x768.jpeg\" alt=\"\" class=\"wp-image-1717\" srcset=\"https:\/\/interessatb.com.br\/wp-content\/uploads\/2022\/10\/WhatsApp-Image-2022-10-07-at-17.36.31-1024x768.jpeg 1024w, https:\/\/interessatb.com.br\/wp-content\/uploads\/2022\/10\/WhatsApp-Image-2022-10-07-at-17.36.31-300x225.jpeg 300w, https:\/\/interessatb.com.br\/wp-content\/uploads\/2022\/10\/WhatsApp-Image-2022-10-07-at-17.36.31-768x576.jpeg 768w, https:\/\/interessatb.com.br\/wp-content\/uploads\/2022\/10\/WhatsApp-Image-2022-10-07-at-17.36.31-1536x1152.jpeg 1536w, https:\/\/interessatb.com.br\/wp-content\/uploads\/2022\/10\/WhatsApp-Image-2022-10-07-at-17.36.31-678x509.jpeg 678w, https:\/\/interessatb.com.br\/wp-content\/uploads\/2022\/10\/WhatsApp-Image-2022-10-07-at-17.36.31-326x245.jpeg 326w, https:\/\/interessatb.com.br\/wp-content\/uploads\/2022\/10\/WhatsApp-Image-2022-10-07-at-17.36.31-80x60.jpeg 80w, https:\/\/interessatb.com.br\/wp-content\/uploads\/2022\/10\/WhatsApp-Image-2022-10-07-at-17.36.31.jpeg 1600w\" sizes=\"auto, (max-width: 1024px) 100vw, 1024px\" \/><\/figure>\n\n\n\n<figure class=\"wp-block-image size-large\"><img loading=\"lazy\" decoding=\"async\" width=\"1024\" height=\"576\" data-id=\"1718\" src=\"https:\/\/interessatb.com.br\/wp-content\/uploads\/2022\/10\/WhatsApp-Image-2022-10-08-at-08.46.21-1024x576.jpeg\" alt=\"\" class=\"wp-image-1718\" srcset=\"https:\/\/interessatb.com.br\/wp-content\/uploads\/2022\/10\/WhatsApp-Image-2022-10-08-at-08.46.21-1024x576.jpeg 1024w, https:\/\/interessatb.com.br\/wp-content\/uploads\/2022\/10\/WhatsApp-Image-2022-10-08-at-08.46.21-300x169.jpeg 300w, https:\/\/interessatb.com.br\/wp-content\/uploads\/2022\/10\/WhatsApp-Image-2022-10-08-at-08.46.21-768x432.jpeg 768w, https:\/\/interessatb.com.br\/wp-content\/uploads\/2022\/10\/WhatsApp-Image-2022-10-08-at-08.46.21-1536x864.jpeg 1536w, https:\/\/interessatb.com.br\/wp-content\/uploads\/2022\/10\/WhatsApp-Image-2022-10-08-at-08.46.21-678x381.jpeg 678w, https:\/\/interessatb.com.br\/wp-content\/uploads\/2022\/10\/WhatsApp-Image-2022-10-08-at-08.46.21.jpeg 1600w\" sizes=\"auto, (max-width: 1024px) 100vw, 1024px\" \/><\/figure>\n<\/figure>\n\n\n\n<p>A programa\u00e7\u00e3o come\u00e7ou com visita ao Cilla Tech Park, Hub de Inova\u00e7\u00e3o e apresenta\u00e7\u00e3o do N\u00facleo Tecnol\u00f3gico de Informa\u00e7\u00e3o da Associa\u00e7\u00e3o Comercial, Vale do Genoma e F\u00f3rum de Inova\u00e7\u00e3o, em Guarapuava. Em Pato Branco foram apresentados o hist\u00f3rico e desenvolvimento do ecossistema de inova\u00e7\u00e3o da regi\u00e3o, na sede do SEBRAE  Pato Branco, com posterior visita a um exemplo de empresa que participa ativamente do ecossistema, a Supera Sistemas. Na sequencia a comitiva seguiu para a cidade de Francisco Beltr\u00e3o conhecer o Hub de Inova\u00e7\u00e3o mantido pela Associa\u00e7\u00e3o empresarial daquele munic\u00edpio. O modelo mantido pela associa\u00e7\u00e3o busca estimular startups que apresentem solu\u00e7\u00f5es para os associados da entidade. Em pouco mais de dois anos j\u00e1 apresenta resultados robustos de sucesso.<\/p>\n\n\n\n<p><strong>Veja tamb\u00e9m<\/strong><\/p>\n\n\n\n<p><a href=\"https:\/\/interessatb.com.br\/?p=1616\">Tel\u00eamaco Borba promove o 1\u00ba Cidade Inova Day nesta quarta-feira (14)<\/a><\/p>\n\n\n\n<p><a href=\"https:\/\/interessatb.com.br\/?p=1450\">Polo Digital Gralha Azul \u00e9 criado com o prop\u00f3sito de fortalecer neg\u00f3cios da \u00e1rea tecnol\u00f3gica na regi\u00e3o<\/a><\/p>\n\n\n\n<p>Para a presidente da ACITEL Sonia Maria Ribeiro, esta visita trouxe um est\u00edmulo muito grande para apoiar e desenvolver iniciativas desta natureza no munic\u00edpio de Tel\u00eamaco Borba. Ericleia Dlugosz, presidente do Comit\u00ea Territorial Vale do Tibagi ressalta que de posse deste novo conhecimento \u00e9 preciso manter acessa a disposi\u00e7\u00e3o para o debate entre os atores de nossa regi\u00e3o e amadurecer a iniciativa do ecossistema de inova\u00e7\u00e3o. Segundo Celso de Oliveira, presidente do Polo Digital Gralha Azul \u00e9 preciso definir um modelo vi\u00e1vel, seja mantido pelo poder p\u00fablico, privado ou em associa\u00e7\u00e3o com entidades de classe, para que empres\u00e1rios e empreendedores de tecnologia possam se estabelecer e contribuir com o desenvolvimento socioecon\u00f4mico da regi\u00e3o.<\/p>\n\n\n\n<figure class=\"wp-block-gallery has-nested-images columns-default is-cropped wp-block-gallery-2 is-layout-flex wp-block-gallery-is-layout-flex\">\n<figure class=\"wp-block-image size-large\"><img loading=\"lazy\" decoding=\"async\" width=\"1024\" height=\"576\" data-id=\"1721\" src=\"http:\/\/interessatb.com.br\/wp-content\/uploads\/2022\/10\/WhatsApp-Image-2022-10-08-at-08.46.13-1-1024x576.jpeg\" alt=\"\" class=\"wp-image-1721\" srcset=\"https:\/\/interessatb.com.br\/wp-content\/uploads\/2022\/10\/WhatsApp-Image-2022-10-08-at-08.46.13-1-1024x576.jpeg 1024w, https:\/\/interessatb.com.br\/wp-content\/uploads\/2022\/10\/WhatsApp-Image-2022-10-08-at-08.46.13-1-300x169.jpeg 300w, https:\/\/interessatb.com.br\/wp-content\/uploads\/2022\/10\/WhatsApp-Image-2022-10-08-at-08.46.13-1-768x432.jpeg 768w, https:\/\/interessatb.com.br\/wp-content\/uploads\/2022\/10\/WhatsApp-Image-2022-10-08-at-08.46.13-1-1536x864.jpeg 1536w, https:\/\/interessatb.com.br\/wp-content\/uploads\/2022\/10\/WhatsApp-Image-2022-10-08-at-08.46.13-1-678x381.jpeg 678w, https:\/\/interessatb.com.br\/wp-content\/uploads\/2022\/10\/WhatsApp-Image-2022-10-08-at-08.46.13-1.jpeg 1600w\" sizes=\"auto, (max-width: 1024px) 100vw, 1024px\" \/><\/figure>\n\n\n\n<figure class=\"wp-block-image size-large\"><img loading=\"lazy\" decoding=\"async\" width=\"1024\" height=\"576\" data-id=\"1720\" src=\"https:\/\/interessatb.com.br\/wp-content\/uploads\/2022\/10\/WhatsApp-Image-2022-10-08-at-08.46.25-1-1024x576.jpeg\" alt=\"\" class=\"wp-image-1720\" srcset=\"https:\/\/interessatb.com.br\/wp-content\/uploads\/2022\/10\/WhatsApp-Image-2022-10-08-at-08.46.25-1-1024x576.jpeg 1024w, https:\/\/interessatb.com.br\/wp-content\/uploads\/2022\/10\/WhatsApp-Image-2022-10-08-at-08.46.25-1-300x169.jpeg 300w, https:\/\/interessatb.com.br\/wp-content\/uploads\/2022\/10\/WhatsApp-Image-2022-10-08-at-08.46.25-1-768x432.jpeg 768w, https:\/\/interessatb.com.br\/wp-content\/uploads\/2022\/10\/WhatsApp-Image-2022-10-08-at-08.46.25-1-1536x864.jpeg 1536w, https:\/\/interessatb.com.br\/wp-content\/uploads\/2022\/10\/WhatsApp-Image-2022-10-08-at-08.46.25-1-678x381.jpeg 678w, https:\/\/interessatb.com.br\/wp-content\/uploads\/2022\/10\/WhatsApp-Image-2022-10-08-at-08.46.25-1.jpeg 1600w\" sizes=\"auto, (max-width: 1024px) 100vw, 1024px\" \/><\/figure>\n<\/figure>\n","protected":false},"excerpt":{"rendered":"<div class=\"mh-excerpt\"><p>A Miss\u00e3o T\u00e9cnica composta de lideran\u00e7as empresariais partiu nesta quinta-feira, 06, em busca de novos conhecimentos sobre parques tecnol\u00f3gicos, espa\u00e7os de inova\u00e7\u00e3o e incubadoras de <a class=\"mh-excerpt-more\" href=\"https:\/\/interessatb.com.br\/?p=1715\" title=\"Lideran\u00e7as empresariais de Tel\u00eamaco Borba visitam Parques Tecnol\u00f3gicos da regi\u00e3o sul\/sudeste do Paran\u00e1\">[&#8230;]<\/a><\/p>\n<\/div>","protected":false},"author":1,"featured_media":1716,"comment_status":"closed","ping_status":"closed","sticky":false,"template":"","format":"standard","meta":{"footnotes":""},"categories":[18,20,14],"tags":[],"class_list":["post-1715","post","type-post","status-publish","format-standard","has-post-thumbnail","hentry","category-ciencia-e-tecnologia","category-industria-e-comercio","category-regiao"],"_links":{"self":[{"href":"https:\/\/interessatb.com.br\/index.php?rest_route=\/wp\/v2\/posts\/1715","targetHints":{"allow":["GET"]}}],"collection":[{"href":"https:\/\/interessatb.com.br\/index.php?rest_route=\/wp\/v2\/posts"}],"about":[{"href":"https:\/\/interessatb.com.br\/index.php?rest_route=\/wp\/v2\/types\/post"}],"author":[{"embeddable":true,"href":"https:\/\/interessatb.com.br\/index.php?rest_route=\/wp\/v2\/users\/1"}],"replies":[{"embeddable":true,"href":"https:\/\/interessatb.com.br\/index.php?rest_route=%2Fwp%2Fv2%2Fcomments&post=1715"}],"version-history":[{"count":6,"href":"https:\/\/interessatb.com.br\/index.php?rest_route=\/wp\/v2\/posts\/1715\/revisions"}],"predecessor-version":[{"id":1730,"href":"https:\/\/interessatb.com.br\/index.php?rest_route=\/wp\/v2\/posts\/1715\/revisions\/1730"}],"wp:featuredmedia":[{"embeddable":true,"href":"https:\/\/interessatb.com.br\/index.php?rest_route=\/wp\/v2\/media\/1716"}],"wp:attachment":[{"href":"https:\/\/interessatb.com.br\/index.php?rest_route=%2Fwp%2Fv2%2Fmedia&parent=1715"}],"wp:term":[{"taxonomy":"category","embeddable":true,"href":"https:\/\/interessatb.com.br\/index.php?rest_route=%2Fwp%2Fv2%2Fcategories&post=1715"},{"taxonomy":"post_tag","embeddable":true,"href":"https:\/\/interessatb.com.br\/index.php?rest_route=%2Fwp%2Fv2%2Ftags&post=1715"}],"curies":[{"name":"wp","href":"https:\/\/api.w.org\/{rel}","templated":true}]}}