{"id":1735,"date":"2022-10-19T05:58:31","date_gmt":"2022-10-19T08:58:31","guid":{"rendered":"https:\/\/interessatb.com.br\/?p=1735"},"modified":"2022-10-23T07:46:17","modified_gmt":"2022-10-23T10:46:17","slug":"xvi-edicao-do-festival-de-musica-gomarabica-comecou-nesta-terca-18-contemplando-diversos-generos-musicais","status":"publish","type":"post","link":"https:\/\/interessatb.com.br\/?p=1735","title":{"rendered":"XVI edi\u00e7\u00e3o do Festival de M\u00fasica Gomar\u00e1bica come\u00e7ou nesta ter\u00e7a, 18, contemplando diversos g\u00eaneros musicais"},"content":{"rendered":"\n<p>Com espa\u00e7o para participa\u00e7\u00f5es nos g\u00eaneros musicais Sertanejo, MPB, Rock nacional e Samba e Pagode, come\u00e7ou nesta ter\u00e7a-feira, 18, o Festival Gomar\u00e1bica. O evento \u00e9 promovido pela Prefeitura de Tel\u00eamaco Borba, por meio da Secretaria de Cultura, Esporte e Recrea\u00e7\u00e3o (SMCER). <\/p>\n\n\n\n<p>A premia\u00e7\u00e3o pode chegar a 3 mil reais, em duas categorias distintas, interpreta\u00e7\u00e3o e composi\u00e7\u00e3o. O evento acontece no Teatro Maestro Sirinho, Centro Cultural Eloah Martins Quadrado (Casa da Cultura), de 18 a 22 de outubro, sempre \u00e0 partir das 19 horas.<\/p>\n\n\n\n<p><strong>Veja tamb\u00e9m<\/strong><\/p>\n\n\n\n<p><a href=\"https:\/\/interessatb.com.br\/?p=1591\">Tel\u00eamaco Borba viver\u00e1 a Semana da Cultura 2022, que este ano acontece de 12 a 18 de setembro<\/a><\/p>\n\n\n\n<p><a href=\"https:\/\/interessatb.com.br\/?p=561\">Quem foi Gomar\u00e1bica?<\/a><\/p>\n\n\n\n<p>Nesta quarta, 19, e na quinta, 20, haver\u00e3o apresenta\u00e7\u00f5es de MPB e Rock Nacional, disputando as categorias interpreta\u00e7\u00e3o e composi\u00e7\u00e3o. Para sexta-feira, 21, foram reservadas as apresenta\u00e7\u00f5es nos g\u00eaneros Sertanejo, Samba e Pagode tamb\u00e9m nas categorias interpreta\u00e7\u00e3o e composi\u00e7\u00e3o.<\/p>\n\n\n\n<p>S\u00e1bado, 22, acontece o encerramento do festival. Todos os g\u00eaneros musicais e categorias se apresentam nesta noite nas disputas finais pela premia\u00e7\u00e3o.<\/p>\n","protected":false},"excerpt":{"rendered":"<div class=\"mh-excerpt\"><p>Com espa\u00e7o para participa\u00e7\u00f5es nos g\u00eaneros musicais Sertanejo, MPB, Rock nacional e Samba e Pagode, come\u00e7ou nesta ter\u00e7a-feira, 18, o Festival Gomar\u00e1bica. O evento \u00e9 <a class=\"mh-excerpt-more\" href=\"https:\/\/interessatb.com.br\/?p=1735\" title=\"XVI edi\u00e7\u00e3o do Festival de M\u00fasica Gomar\u00e1bica come\u00e7ou nesta ter\u00e7a, 18, contemplando diversos g\u00eaneros musicais\">[&#8230;]<\/a><\/p>\n<\/div>","protected":false},"author":1,"featured_media":1736,"comment_status":"closed","ping_status":"closed","sticky":false,"template":"","format":"standard","meta":{"footnotes":""},"categories":[2,19],"tags":[],"class_list":["post-1735","post","type-post","status-publish","format-standard","has-post-thumbnail","hentry","category-cidade","category-cultura"],"_links":{"self":[{"href":"https:\/\/interessatb.com.br\/index.php?rest_route=\/wp\/v2\/posts\/1735","targetHints":{"allow":["GET"]}}],"collection":[{"href":"https:\/\/interessatb.com.br\/index.php?rest_route=\/wp\/v2\/posts"}],"about":[{"href":"https:\/\/interessatb.com.br\/index.php?rest_route=\/wp\/v2\/types\/post"}],"author":[{"embeddable":true,"href":"https:\/\/interessatb.com.br\/index.php?rest_route=\/wp\/v2\/users\/1"}],"replies":[{"embeddable":true,"href":"https:\/\/interessatb.com.br\/index.php?rest_route=%2Fwp%2Fv2%2Fcomments&post=1735"}],"version-history":[{"count":2,"href":"https:\/\/interessatb.com.br\/index.php?rest_route=\/wp\/v2\/posts\/1735\/revisions"}],"predecessor-version":[{"id":1738,"href":"https:\/\/interessatb.com.br\/index.php?rest_route=\/wp\/v2\/posts\/1735\/revisions\/1738"}],"wp:featuredmedia":[{"embeddable":true,"href":"https:\/\/interessatb.com.br\/index.php?rest_route=\/wp\/v2\/media\/1736"}],"wp:attachment":[{"href":"https:\/\/interessatb.com.br\/index.php?rest_route=%2Fwp%2Fv2%2Fmedia&parent=1735"}],"wp:term":[{"taxonomy":"category","embeddable":true,"href":"https:\/\/interessatb.com.br\/index.php?rest_route=%2Fwp%2Fv2%2Fcategories&post=1735"},{"taxonomy":"post_tag","embeddable":true,"href":"https:\/\/interessatb.com.br\/index.php?rest_route=%2Fwp%2Fv2%2Ftags&post=1735"}],"curies":[{"name":"wp","href":"https:\/\/api.w.org\/{rel}","templated":true}]}}