{"id":1745,"date":"2022-10-19T06:42:23","date_gmt":"2022-10-19T09:42:23","guid":{"rendered":"https:\/\/interessatb.com.br\/?p=1745"},"modified":"2022-10-19T06:48:01","modified_gmt":"2022-10-19T09:48:01","slug":"redes-publicas-de-ensino-da-regiao-iniciam-matriculas-escolares-para-2023","status":"publish","type":"post","link":"https:\/\/interessatb.com.br\/?p=1745","title":{"rendered":"Redes p\u00fablicas de ensino da regi\u00e3o iniciam matr\u00edculas escolares para 2023"},"content":{"rendered":"\n<p>As redes municipais de ensino da regi\u00e3o se mobilizam para o per\u00edodo de matr\u00edculas de alunos novos e para rematr\u00edculas. A Secretaria Estadual de Educa\u00e7\u00e3o tamb\u00e9m apresenta seu calend\u00e1rio de matr\u00edcula para o pr\u00f3ximo ano.<\/p>\n\n\n\n<p>Est\u00e1 aberta a temporada de matr\u00edcula e rematr\u00edcula para a educa\u00e7\u00e3o b\u00e1sica, educa\u00e7\u00e3o infantil, anos iniciais (primeiro ao quinto ano)e anos finais (sexto ao nono ano) e ensino m\u00e9dio. No Paran\u00e1 os munic\u00edpios s\u00e3o respons\u00e1veis pelas matr\u00edculas da educa\u00e7\u00e3o infantil e dos anos iniciais e a rede estadual pelas matr\u00edculas dos anos finais e ensino m\u00e9dio.<\/p>\n\n\n\n<p><strong>Veja tamb\u00e9m<\/strong><\/p>\n\n\n\n<p><a href=\"https:\/\/interessatb.com.br\/?p=1629\">Mostra de Cursos do IFPR exp\u00f5e projetos dos alunos com inova\u00e7\u00e3o e tecnologia agregada<\/a><\/p>\n\n\n\n<p><a href=\"https:\/\/interessatb.com.br\/?p=1607\">Lan\u00e7ado projeto de valoriza\u00e7\u00e3o da cultura local em Tibagi<\/a><\/p>\n\n\n\n<p>Em Ortigueira o calend\u00e1rio de matr\u00edcula do munic\u00edpio se estende de 17 de outubro a 11 de novembro (<a href=\"http:\/\/www.ortigueira.pr.gov.br\/\/index.php?sessao=b054603368vfb0&amp;id=1449076\">veja aqui<\/a>). As vagas s\u00e3o para creche, CMEIS e do 1\u00ba ao 5\u00aa ano. Maiores informa\u00e7\u00f5es na Secretaria Municipal de Educa\u00e7\u00e3o ou pelo telefone 42 3277-2475.<\/p>\n\n\n\n<p>O munic\u00edpio de Tel\u00eamaco Borba divulgou seu cadastro para chamada escolar de alunos novos, que ocorre  entre os dias 10 de outubro e 4 de novembro (<a href=\"http:\/\/www.telemacoborba.pr.gov.br\/imprensa\/noticias\/educacao\/17209-secretaria-de-educacao-realiza-cadastro-para-a-chamada-escolar-2023.html\">aqui<\/a>). O cadastro \u00e9 destinado para crian\u00e7as que ainda n\u00e3o estudam ou que est\u00e3o matriculados na rede privada e desejam matricular-se em uma das escolas municipais. Estudantes do 1\u00b0 ao 5\u00b0 ano da rede privada tamb\u00e9m dever\u00e3o realizar o cadastro neste per\u00edodo. Mais informa\u00e7\u00f5es podem ser obtidas pelos telefones 3904-1677 e 3904-1718.<\/p>\n\n\n\n<p>Segundo o site da Secretaria de Estado da Educa\u00e7\u00e3o &#8211; SEED, As matr\u00edculas e rematr\u00edculas para o ano de 2023 ser\u00e1 realizada entre os dias\u00a0<strong>12 a 31 de outubro de 2022<\/strong> (<a href=\"https:\/\/www.educacao.pr.gov.br\/FAQ\/matricula_2022e2023\">aqui<\/a>), ou a qualquer momento, ap\u00f3s iniciado o ano letivo de 2023, na modalidade presencial e\u00a0<em>on-line<\/em>, ou seja, \u00e9 poss\u00edvel realizar o procedimento pela internet.<\/p>\n","protected":false},"excerpt":{"rendered":"<div class=\"mh-excerpt\"><p>As redes municipais de ensino da regi\u00e3o se mobilizam para o per\u00edodo de matr\u00edculas de alunos novos e para rematr\u00edculas. A Secretaria Estadual de Educa\u00e7\u00e3o <a class=\"mh-excerpt-more\" href=\"https:\/\/interessatb.com.br\/?p=1745\" title=\"Redes p\u00fablicas de ensino da regi\u00e3o iniciam matr\u00edculas escolares para 2023\">[&#8230;]<\/a><\/p>\n<\/div>","protected":false},"author":1,"featured_media":1751,"comment_status":"closed","ping_status":"closed","sticky":false,"template":"","format":"standard","meta":{"footnotes":""},"categories":[5,14,1],"tags":[],"class_list":["post-1745","post","type-post","status-publish","format-standard","has-post-thumbnail","hentry","category-educacao","category-regiao","category-sem-categoria"],"_links":{"self":[{"href":"https:\/\/interessatb.com.br\/index.php?rest_route=\/wp\/v2\/posts\/1745","targetHints":{"allow":["GET"]}}],"collection":[{"href":"https:\/\/interessatb.com.br\/index.php?rest_route=\/wp\/v2\/posts"}],"about":[{"href":"https:\/\/interessatb.com.br\/index.php?rest_route=\/wp\/v2\/types\/post"}],"author":[{"embeddable":true,"href":"https:\/\/interessatb.com.br\/index.php?rest_route=\/wp\/v2\/users\/1"}],"replies":[{"embeddable":true,"href":"https:\/\/interessatb.com.br\/index.php?rest_route=%2Fwp%2Fv2%2Fcomments&post=1745"}],"version-history":[{"count":5,"href":"https:\/\/interessatb.com.br\/index.php?rest_route=\/wp\/v2\/posts\/1745\/revisions"}],"predecessor-version":[{"id":1750,"href":"https:\/\/interessatb.com.br\/index.php?rest_route=\/wp\/v2\/posts\/1745\/revisions\/1750"}],"wp:featuredmedia":[{"embeddable":true,"href":"https:\/\/interessatb.com.br\/index.php?rest_route=\/wp\/v2\/media\/1751"}],"wp:attachment":[{"href":"https:\/\/interessatb.com.br\/index.php?rest_route=%2Fwp%2Fv2%2Fmedia&parent=1745"}],"wp:term":[{"taxonomy":"category","embeddable":true,"href":"https:\/\/interessatb.com.br\/index.php?rest_route=%2Fwp%2Fv2%2Fcategories&post=1745"},{"taxonomy":"post_tag","embeddable":true,"href":"https:\/\/interessatb.com.br\/index.php?rest_route=%2Fwp%2Fv2%2Ftags&post=1745"}],"curies":[{"name":"wp","href":"https:\/\/api.w.org\/{rel}","templated":true}]}}