{"id":1778,"date":"2022-10-23T07:43:36","date_gmt":"2022-10-23T10:43:36","guid":{"rendered":"https:\/\/interessatb.com.br\/?p=1778"},"modified":"2022-10-23T07:43:36","modified_gmt":"2022-10-23T10:43:36","slug":"parque-guartela-reabre-para-receber-turistas-apos-reparos-na-infraestrutura","status":"publish","type":"post","link":"https:\/\/interessatb.com.br\/?p=1778","title":{"rendered":"Parque Guartel\u00e1 reabre para receber turistas ap\u00f3s reparos na infraestrutura"},"content":{"rendered":"\n<p>A Prefeitura de Tibagi, atrav\u00e9s da Secretaria de Turismo, informa que j\u00e1 \u00e9 poss\u00edvel voltar a visitar as depend\u00eancias do Parque Estadual do Guartel\u00e1, em Tibagi. O local ficou interditado por uma semana, devido a estragos causados na rede de abastecimento de \u00e1gua e luz nas estruturas internas da unidade, o que impedia o atendimento aos visitantes.<\/p>\n\n\n\n<p>O Instituto \u00c1gua e Terra (IAT) providenciou a compra de novos equipamentos para realizar a troca da placa na bomba de abastecimento do po\u00e7o afetado pela tempestade. Foi necess\u00e1rio tamb\u00e9m substituir boa parte da estrutura de encanamento.<br>\u00a0<\/p>\n\n\n\n<p><strong>Veja tamb\u00e9m<\/strong><\/p>\n\n\n\n<p><a href=\"https:\/\/interessatb.com.br\/?p=1637\">Empresas de Castro recebem concess\u00e3o de \u00e1rea da Prefeitura<\/a><\/p>\n\n\n\n<p><a href=\"https:\/\/interessatb.com.br\/?p=1752\">Em visita \u00e0 ACITEL, Secret\u00e1rio detalha o projeto de revitaliza\u00e7\u00e3o da Av. Hor\u00e1cio Klabin<\/a><\/p>\n\n\n\n<p>Com os reparos, o parque volta a reabrir normalmente, das 8h30 \u00e0s 16h, de quarta-feira a segunda-feira. Nas ter\u00e7as-feiras, a unidade fecha para manuten\u00e7\u00e3o. A m\u00e9dia de visita\u00e7\u00e3o \u00e9 de cerca de mil visitantes por semana, tendo como grande atra\u00e7\u00e3o a beleza natural do 6\u00ba maior c\u00e2nion do planeta em extens\u00e3o, o \u201cC\u00e2nion do Rio Iap\u00f3\u201d.<\/p>\n\n\n\n<p>O parque tamb\u00e9m abriga a Cachoeira da Ponte de Pedra, derivada da for\u00e7a das \u00e1guas do C\u00f3rrego Pedregulho. Al\u00e9m disso, a a\u00e7\u00e3o da \u00e1gua e do vento durante milhares de anos esculpiu estruturas como lapas, fendas, grotas e formas curiosas sobre as rochas aren\u00edticas, expondo fei\u00e7\u00f5es ruiniformes em pequena escala e uma enorme fenda entre pared\u00f5es rochosos.<br>&nbsp;<\/p>\n\n\n\n<p>No parque, h\u00e1 ainda pinturas rupestres que datam aproximadamente 7 mil anos e que foram deixadas em rochas e lapas por ind\u00edgenas, primeiros habitantes da regi\u00e3o. Outra importante caracter\u00edstica do local \u00e9 a vegeta\u00e7\u00e3o composta por campos, remanescentes de Cerrado, Florestas com Arauc\u00e1ria, elementos da Floresta Estacional Semidecidual e Floresta Ombr\u00f3fila Densa (Mata Atl\u00e2ntica).<br>&nbsp;<\/p>\n\n\n\n<p>Fonte: <em>Texto adaptado de Assessoria de Comunica\u00e7\u00e3o Prefeitura de Tibagi e IAT<\/em>.<\/p>\n","protected":false},"excerpt":{"rendered":"<div class=\"mh-excerpt\"><p>A Prefeitura de Tibagi, atrav\u00e9s da Secretaria de Turismo, informa que j\u00e1 \u00e9 poss\u00edvel voltar a visitar as depend\u00eancias do Parque Estadual do Guartel\u00e1, em <a class=\"mh-excerpt-more\" href=\"https:\/\/interessatb.com.br\/?p=1778\" title=\"Parque Guartel\u00e1 reabre para receber turistas ap\u00f3s reparos na infraestrutura\">[&#8230;]<\/a><\/p>\n<\/div>","protected":false},"author":1,"featured_media":1779,"comment_status":"closed","ping_status":"closed","sticky":false,"template":"","format":"standard","meta":{"footnotes":""},"categories":[14],"tags":[],"class_list":["post-1778","post","type-post","status-publish","format-standard","has-post-thumbnail","hentry","category-regiao"],"_links":{"self":[{"href":"https:\/\/interessatb.com.br\/index.php?rest_route=\/wp\/v2\/posts\/1778","targetHints":{"allow":["GET"]}}],"collection":[{"href":"https:\/\/interessatb.com.br\/index.php?rest_route=\/wp\/v2\/posts"}],"about":[{"href":"https:\/\/interessatb.com.br\/index.php?rest_route=\/wp\/v2\/types\/post"}],"author":[{"embeddable":true,"href":"https:\/\/interessatb.com.br\/index.php?rest_route=\/wp\/v2\/users\/1"}],"replies":[{"embeddable":true,"href":"https:\/\/interessatb.com.br\/index.php?rest_route=%2Fwp%2Fv2%2Fcomments&post=1778"}],"version-history":[{"count":1,"href":"https:\/\/interessatb.com.br\/index.php?rest_route=\/wp\/v2\/posts\/1778\/revisions"}],"predecessor-version":[{"id":1780,"href":"https:\/\/interessatb.com.br\/index.php?rest_route=\/wp\/v2\/posts\/1778\/revisions\/1780"}],"wp:featuredmedia":[{"embeddable":true,"href":"https:\/\/interessatb.com.br\/index.php?rest_route=\/wp\/v2\/media\/1779"}],"wp:attachment":[{"href":"https:\/\/interessatb.com.br\/index.php?rest_route=%2Fwp%2Fv2%2Fmedia&parent=1778"}],"wp:term":[{"taxonomy":"category","embeddable":true,"href":"https:\/\/interessatb.com.br\/index.php?rest_route=%2Fwp%2Fv2%2Fcategories&post=1778"},{"taxonomy":"post_tag","embeddable":true,"href":"https:\/\/interessatb.com.br\/index.php?rest_route=%2Fwp%2Fv2%2Ftags&post=1778"}],"curies":[{"name":"wp","href":"https:\/\/api.w.org\/{rel}","templated":true}]}}