{"id":1787,"date":"2022-10-30T06:10:35","date_gmt":"2022-10-30T09:10:35","guid":{"rendered":"https:\/\/interessatb.com.br\/?p=1787"},"modified":"2022-10-30T06:12:06","modified_gmt":"2022-10-30T09:12:06","slug":"rede-estadual-de-ensino-prorroga-matriculas-ate-8-de-novembro","status":"publish","type":"post","link":"https:\/\/interessatb.com.br\/?p=1787","title":{"rendered":"Rede estadual de ensino prorroga matr\u00edculas at\u00e9 8 de novembro"},"content":{"rendered":"\n<p>Os respons\u00e1veis legais dos alunos devem fazer o procedimento de forma online na \u00c1rea do Aluno. Para estudantes que ainda n\u00e3o fazem parte da rede estadual \u00e9 preciso realizar um cadastro. Para a efetiva\u00e7\u00e3o da vaga, \u00e9 necess\u00e1rio apresentar toda a documenta\u00e7\u00e3o obrigat\u00f3ria.<\/p>\n\n\n\n<p>O per\u00edodo de matr\u00edcula escolar para o ano letivo de 2023 nos col\u00e9gios da rede estadual do Paran\u00e1 foi estendido para 8 de novembro. O prazo (que seria inicialmente no pr\u00f3ximo dia 31) \u00e9 v\u00e1lido tanto para a matr\u00edcula inicial quanto para rematr\u00edcula de estudantes.<\/p>\n\n\n\n<p>A matr\u00edcula inicial ou rematr\u00edcula dever\u00e1 ser feita por meio da op\u00e7\u00e3o \u201cMatr\u00edcula On-line\u201d, ap\u00f3s a confer\u00eancia e atualiza\u00e7\u00e3o do cadastro. O respons\u00e1vel pode selecionar a vaga na institui\u00e7\u00e3o em que o filho j\u00e1 estuda ou na institui\u00e7\u00e3o indicada pela Seed-PR (no caso de matr\u00edcula de ingresso) ou, se desejar outra escola, pode indicar at\u00e9 tr\u00eas institui\u00e7\u00f5es de ensino de prefer\u00eancia.<\/p>\n\n\n\n<p><strong>Veja tamb\u00e9m<\/strong><\/p>\n\n\n\n<p><a href=\"https:\/\/interessatb.com.br\/?p=1629\">Mostra de Cursos do IFPR exp\u00f5e projetos dos alunos com inova\u00e7\u00e3o e tecnologia agregada<\/a><\/p>\n\n\n\n<p><a href=\"https:\/\/interessatb.com.br\/?p=1745\">Redes p\u00fablicas de ensino da regi\u00e3o iniciam matr\u00edculas escolares para 2023<\/a><\/p>\n\n\n\n<p>Para acessar o site, o respons\u00e1vel legal ou o pr\u00f3prio estudante (quando maior de 18 anos), deve informar seu CPF e senha (que pode ser recuperada por SMS no celular cadastrado). O primeiro acesso \u00e9 restrito ao CPF e ao telefone celular cadastrados. Depois, o respons\u00e1vel poder\u00e1 cadastrar um novo telefone, um e-mail e uma senha pessoal de sua prefer\u00eancia para futuros acessos.<\/p>\n\n\n\n<p>Caso o respons\u00e1vel legal n\u00e3o possua celular ou n\u00e3o tenha acesso \u00e0 internet, ele poder\u00e1 fazer a matr\u00edcula online na institui\u00e7\u00e3o de ensino estadual onde o aluno estuda ou mesmo na institui\u00e7\u00e3o de ensino municipal onde est\u00e1 matriculado (para quem est\u00e1 no 5\u00ba ano do Ensino Fundamental). Em ambos os casos, a escola disponibilizar\u00e1 um c\u00f3digo de seguran\u00e7a para a \u00c1rea do Aluno e um computador.<\/p>\n\n\n\n<p><strong>EJA\u00a0<\/strong>\u2013 As matr\u00edculas para o 1\u00ba semestre do ano letivo de 2023 da Educa\u00e7\u00e3o de Jovens e Adultos (EJA), destinada \u00e0queles que n\u00e3o tiveram a possibilidade de concluir os anos finais do Ensino Fundamental ou o Ensino M\u00e9dio at\u00e9 a idade adequada (no m\u00ednimo 15 anos completos para os anos finais e 18 completos para o m\u00e9dio), tamb\u00e9m est\u00e3o abertas na \u00c1rea do Aluno.<\/p>\n\n\n\n<p>Fonte: <em>Compilado AEN.<\/em><\/p>\n","protected":false},"excerpt":{"rendered":"<div class=\"mh-excerpt\"><p>Os respons\u00e1veis legais dos alunos devem fazer o procedimento de forma online na \u00c1rea do Aluno. Para estudantes que ainda n\u00e3o fazem parte da rede <a class=\"mh-excerpt-more\" href=\"https:\/\/interessatb.com.br\/?p=1787\" title=\"Rede estadual de ensino prorroga matr\u00edculas at\u00e9 8 de novembro\">[&#8230;]<\/a><\/p>\n<\/div>","protected":false},"author":1,"featured_media":1788,"comment_status":"closed","ping_status":"closed","sticky":false,"template":"","format":"standard","meta":{"footnotes":""},"categories":[5,12,14],"tags":[],"class_list":["post-1787","post","type-post","status-publish","format-standard","has-post-thumbnail","hentry","category-educacao","category-parana","category-regiao"],"_links":{"self":[{"href":"https:\/\/interessatb.com.br\/index.php?rest_route=\/wp\/v2\/posts\/1787","targetHints":{"allow":["GET"]}}],"collection":[{"href":"https:\/\/interessatb.com.br\/index.php?rest_route=\/wp\/v2\/posts"}],"about":[{"href":"https:\/\/interessatb.com.br\/index.php?rest_route=\/wp\/v2\/types\/post"}],"author":[{"embeddable":true,"href":"https:\/\/interessatb.com.br\/index.php?rest_route=\/wp\/v2\/users\/1"}],"replies":[{"embeddable":true,"href":"https:\/\/interessatb.com.br\/index.php?rest_route=%2Fwp%2Fv2%2Fcomments&post=1787"}],"version-history":[{"count":3,"href":"https:\/\/interessatb.com.br\/index.php?rest_route=\/wp\/v2\/posts\/1787\/revisions"}],"predecessor-version":[{"id":1791,"href":"https:\/\/interessatb.com.br\/index.php?rest_route=\/wp\/v2\/posts\/1787\/revisions\/1791"}],"wp:featuredmedia":[{"embeddable":true,"href":"https:\/\/interessatb.com.br\/index.php?rest_route=\/wp\/v2\/media\/1788"}],"wp:attachment":[{"href":"https:\/\/interessatb.com.br\/index.php?rest_route=%2Fwp%2Fv2%2Fmedia&parent=1787"}],"wp:term":[{"taxonomy":"category","embeddable":true,"href":"https:\/\/interessatb.com.br\/index.php?rest_route=%2Fwp%2Fv2%2Fcategories&post=1787"},{"taxonomy":"post_tag","embeddable":true,"href":"https:\/\/interessatb.com.br\/index.php?rest_route=%2Fwp%2Fv2%2Ftags&post=1787"}],"curies":[{"name":"wp","href":"https:\/\/api.w.org\/{rel}","templated":true}]}}