{"id":180,"date":"2021-07-31T22:32:32","date_gmt":"2021-08-01T01:32:32","guid":{"rendered":"https:\/\/interessatb.com.br\/?p=180"},"modified":"2022-08-21T11:34:36","modified_gmt":"2022-08-21T14:34:36","slug":"com-novo-decreto-parana-diminui-restricoes-no-combate-a-covid-19","status":"publish","type":"post","link":"https:\/\/interessatb.com.br\/?p=180","title":{"rendered":"Com novo decreto, Paran\u00e1 diminui restri\u00e7\u00f5es no combate \u00e0 Covid-19"},"content":{"rendered":"\n<p>O avan\u00e7o da campanha de vacina\u00e7\u00e3o contra a Covid-19 e a&nbsp;redu\u00e7\u00e3o dos indicadores de mortes, casos e interna\u00e7\u00f5es em decorr\u00eancia do v\u00edrus permitiram que o Governo do Estado alterasse&nbsp;as medidas restritivas para enfrentamento \u00e0 pandemia no Paran\u00e1.&nbsp;<\/p>\n\n\n<div class=\"wp-block-image\">\n<figure class=\"alignleft size-full is-resized\"><img loading=\"lazy\" decoding=\"async\" src=\"http:\/\/interessatb.com.br\/wp-content\/uploads\/2022\/03\/Lapidar1.png\" alt=\"\" class=\"wp-image-974\" width=\"329\" height=\"402\"\/><\/figure>\n<\/div>\n\n\n<p>O novo decreto (<a rel=\"noreferrer noopener\" href=\"https:\/\/www.aen.pr.gov.br\/arquivos\/3007decreto8178n.pdf\" target=\"_blank\"><strong>8.178\/2021<\/strong><\/a>), assinado pelo governador, diminui em uma hora o per\u00edodo de restri\u00e7\u00e3o da circula\u00e7\u00e3o em espa\u00e7os e vias p\u00fablicas, que passa a ser das 24h \u00e0s 5h, com exce\u00e7\u00e3o das atividades e servi\u00e7os essenciais. O mesmo vale para a comercializa\u00e7\u00e3o e o consumo de bebidas alco\u00f3licas em espa\u00e7os p\u00fablicos.<\/p>\n\n\n\n<p>Agora passa a ser permitida a realiza\u00e7\u00e3o de algumas categorias de eventos, desde que respeitadas todas as medidas de preven\u00e7\u00e3o. O decreto come\u00e7a a vigorar a partir das 5h deste s\u00e1bado (31) e tem validade at\u00e9 15 de agosto. Ap\u00f3s esse per\u00edodo, ser\u00e1 feita uma avalia\u00e7\u00e3o do cen\u00e1rio pela Secretaria de Estado da Sa\u00fade (Sesa) para determinar novas orienta\u00e7\u00f5es. De acordo com o decreto, estabelecimentos comerciais, espa\u00e7os abertos de visita\u00e7\u00e3o p\u00fablica como parques, pra\u00e7as e museus, al\u00e9m de feiras livres, por exemplo, podem voltar a funcionar normalmente, seguindo apenas os hor\u00e1rios restritivos de circula\u00e7\u00e3o.<\/p>\n\n\n\n<h2 class=\"wp-block-heading\">Proibi\u00e7\u00f5es<\/h2>\n\n\n\n<p>Permanece proibida, contudo, a realiza\u00e7\u00e3o presencial dos eventos, de qualquer tipo, que possuam uma ou mais das seguintes caracter\u00edsticas: dan\u00e7antes ou de outra modalidade de intera\u00e7\u00e3o que demandem contato f\u00edsico entre os frequentadores; em local fechado que n\u00e3o possua sistema de climatiza\u00e7\u00e3o com renova\u00e7\u00e3o do ar e Plano de Manuten\u00e7\u00e3o, Opera\u00e7\u00e3o e Controle atualizados;&nbsp;que demandem a perman\u00eancia do p\u00fablico em p\u00e9 durante sua realiza\u00e7\u00e3o; com dura\u00e7\u00e3o superior a 6 horas; esportivos com presen\u00e7a de p\u00fablico; que n\u00e3o consigam garantir o controle de p\u00fablico no local ou que possam atrair presen\u00e7a de p\u00fablico superior \u00e0quele determinado nesta norma, como exposi\u00e7\u00f5es e festivais.<\/p>\n","protected":false},"excerpt":{"rendered":"<div class=\"mh-excerpt\"><p>O avan\u00e7o da campanha de vacina\u00e7\u00e3o contra a Covid-19 e a&nbsp;redu\u00e7\u00e3o dos indicadores de mortes, casos e interna\u00e7\u00f5es em decorr\u00eancia do v\u00edrus permitiram que o <a class=\"mh-excerpt-more\" href=\"https:\/\/interessatb.com.br\/?p=180\" title=\"Com novo decreto, Paran\u00e1 diminui restri\u00e7\u00f5es no combate \u00e0 Covid-19\">[&#8230;]<\/a><\/p>\n<\/div>","protected":false},"author":1,"featured_media":1278,"comment_status":"closed","ping_status":"closed","sticky":false,"template":"","format":"standard","meta":{"footnotes":""},"categories":[12,15],"tags":[],"class_list":["post-180","post","type-post","status-publish","format-standard","has-post-thumbnail","hentry","category-parana","category-saude"],"_links":{"self":[{"href":"https:\/\/interessatb.com.br\/index.php?rest_route=\/wp\/v2\/posts\/180","targetHints":{"allow":["GET"]}}],"collection":[{"href":"https:\/\/interessatb.com.br\/index.php?rest_route=\/wp\/v2\/posts"}],"about":[{"href":"https:\/\/interessatb.com.br\/index.php?rest_route=\/wp\/v2\/types\/post"}],"author":[{"embeddable":true,"href":"https:\/\/interessatb.com.br\/index.php?rest_route=\/wp\/v2\/users\/1"}],"replies":[{"embeddable":true,"href":"https:\/\/interessatb.com.br\/index.php?rest_route=%2Fwp%2Fv2%2Fcomments&post=180"}],"version-history":[{"count":1,"href":"https:\/\/interessatb.com.br\/index.php?rest_route=\/wp\/v2\/posts\/180\/revisions"}],"predecessor-version":[{"id":1279,"href":"https:\/\/interessatb.com.br\/index.php?rest_route=\/wp\/v2\/posts\/180\/revisions\/1279"}],"wp:featuredmedia":[{"embeddable":true,"href":"https:\/\/interessatb.com.br\/index.php?rest_route=\/wp\/v2\/media\/1278"}],"wp:attachment":[{"href":"https:\/\/interessatb.com.br\/index.php?rest_route=%2Fwp%2Fv2%2Fmedia&parent=180"}],"wp:term":[{"taxonomy":"category","embeddable":true,"href":"https:\/\/interessatb.com.br\/index.php?rest_route=%2Fwp%2Fv2%2Fcategories&post=180"},{"taxonomy":"post_tag","embeddable":true,"href":"https:\/\/interessatb.com.br\/index.php?rest_route=%2Fwp%2Fv2%2Ftags&post=180"}],"curies":[{"name":"wp","href":"https:\/\/api.w.org\/{rel}","templated":true}]}}