{"id":1840,"date":"2022-11-05T14:54:14","date_gmt":"2022-11-05T17:54:14","guid":{"rendered":"https:\/\/interessatb.com.br\/?p=1840"},"modified":"2022-11-05T14:54:14","modified_gmt":"2022-11-05T17:54:14","slug":"escola-conselheiro-zacarias-realizou-neste-sabado-a-1a-mostra-cultural-minha-escola-le","status":"publish","type":"post","link":"https:\/\/interessatb.com.br\/?p=1840","title":{"rendered":"Escola Conselheiro Zacarias realizou neste s\u00e1bado a 1\u00aa Mostra Cultural &#8220;Minha Escola L\u00ea&#8221;"},"content":{"rendered":"\n<p>O evento \u00e9 parte do planejamento pedag\u00f3gico da escola, que pertence \u00e0 rede municipal de ensino. Neste s\u00e1bado, considerado dia letivo, as escolas tiveram liberdade para planejar a\u00e7\u00f5es e a Escola Municipal Conselheiro Zacarias elegeu trabalhar a leitura com os alunos. Um dos objetivos da Mostra foi a aproxima\u00e7\u00e3o dos pais e comunidade escolar com as atividades de seus filhos.<\/p>\n\n\n\n<p>A Mostra Cultural foge do lugar comum, abordando autores como Vin\u00edcius de Moraes, Ruth Rocha, Ant\u00f3nio Torrado, Anderson Novello, Cec\u00edlia Meireles, entre outros. O resultado do projeto \u00e9 vis\u00edvel no engajamento das crian\u00e7as e sua desenvoltura nos temas abordados. A quadra da escola transformou-se em um amplo e agrad\u00e1vel espa\u00e7o cultural para a visita\u00e7\u00e3o da comunidade.<\/p>\n\n\n<div class=\"wp-block-image\">\n<figure class=\"alignleft size-large is-resized\"><img loading=\"lazy\" decoding=\"async\" src=\"https:\/\/interessatb.com.br\/wp-content\/uploads\/2022\/11\/Foto_evento_1-1024x557.jpg\" alt=\"\" class=\"wp-image-1844\" width=\"451\" height=\"245\" srcset=\"https:\/\/interessatb.com.br\/wp-content\/uploads\/2022\/11\/Foto_evento_1-1024x557.jpg 1024w, https:\/\/interessatb.com.br\/wp-content\/uploads\/2022\/11\/Foto_evento_1-300x163.jpg 300w, https:\/\/interessatb.com.br\/wp-content\/uploads\/2022\/11\/Foto_evento_1-768x418.jpg 768w, https:\/\/interessatb.com.br\/wp-content\/uploads\/2022\/11\/Foto_evento_1-1536x835.jpg 1536w, https:\/\/interessatb.com.br\/wp-content\/uploads\/2022\/11\/Foto_evento_1.jpg 1712w\" sizes=\"auto, (max-width: 451px) 100vw, 451px\" \/><\/figure>\n<\/div>\n\n\n<p>Merece destaque o trabalho did\u00e1tico da equipe da escola, ao organizar com os alunos o espa\u00e7o da Mostra. Os trabalhos expostos todos na altura das crian\u00e7as, e n\u00e3o dos adultos, o protagonismo infantil exercido em cada exposi\u00e7\u00e3o, com os alunos atuando em equipe diretamente junto ao p\u00fablico, e as professoras observando de longe, intervindo apenas quando necess\u00e1rio. \u00c9 not\u00f3rio o cuidado pedag\u00f3gico da escola em estimular os alunos.<\/p>\n\n\n\n<p><strong>Veja tamb\u00e9m<\/strong><\/p>\n\n\n\n<p><a href=\"https:\/\/interessatb.com.br\/?p=1830\">Pe\u00e7a \u2018Qual a gra\u00e7a de Laurinda?\u2019 acontece no dia 14\/11, no Centro Cultural Eloah Martins Quadrado<\/a><\/p>\n\n\n\n<p><a href=\"https:\/\/interessatb.com.br\/?p=1787\">Rede estadual de ensino prorroga matr\u00edculas at\u00e9 8 de novembro<\/a><\/p>\n\n\n\n<p>Para a diretora da escola Ligia Machado Oliveira de Almeida &#8220;a liberdade dada pela rede municipal para a escola escolher o tema estimulou a equipe e realizar um excelente trabalho, al\u00e9m de j\u00e1 pensarem em eventos semelhantes para o pr\u00f3ximo ano&#8221;. Ao ser questionada sobre a participa\u00e7\u00e3o da comunidade escolar afirmou que a comunidade escolar \u00e9 muito participativa, o que pode ser constatado pela participa\u00e7\u00e3o do p\u00fablico presente.<\/p>\n\n\n\n<figure class=\"wp-block-table\"><table><tbody><tr><td class=\"has-text-align-center\" data-align=\"center\"><img loading=\"lazy\" decoding=\"async\" width=\"411\" height=\"228\" src=\"http:\/\/interessatb.com.br\/wp-content\/uploads\/2022\/11\/Foto_evento_2-1024x567.jpg\" alt=\"\"><\/td><td class=\"has-text-align-center\" data-align=\"center\"><img loading=\"lazy\" decoding=\"async\" width=\"410\" height=\"222\" src=\"http:\/\/interessatb.com.br\/wp-content\/uploads\/2022\/11\/Foto_evento_4-1024x555.jpg\" alt=\"\"><\/td><\/tr><\/tbody><\/table><\/figure>\n","protected":false},"excerpt":{"rendered":"<div class=\"mh-excerpt\"><p>O evento \u00e9 parte do planejamento pedag\u00f3gico da escola, que pertence \u00e0 rede municipal de ensino. Neste s\u00e1bado, considerado dia letivo, as escolas tiveram liberdade <a class=\"mh-excerpt-more\" href=\"https:\/\/interessatb.com.br\/?p=1840\" title=\"Escola Conselheiro Zacarias realizou neste s\u00e1bado a 1\u00aa Mostra Cultural &#8220;Minha Escola L\u00ea&#8221;\">[&#8230;]<\/a><\/p>\n<\/div>","protected":false},"author":1,"featured_media":1842,"comment_status":"closed","ping_status":"closed","sticky":false,"template":"","format":"standard","meta":{"footnotes":""},"categories":[2,19,5],"tags":[],"class_list":["post-1840","post","type-post","status-publish","format-standard","has-post-thumbnail","hentry","category-cidade","category-cultura","category-educacao"],"_links":{"self":[{"href":"https:\/\/interessatb.com.br\/index.php?rest_route=\/wp\/v2\/posts\/1840","targetHints":{"allow":["GET"]}}],"collection":[{"href":"https:\/\/interessatb.com.br\/index.php?rest_route=\/wp\/v2\/posts"}],"about":[{"href":"https:\/\/interessatb.com.br\/index.php?rest_route=\/wp\/v2\/types\/post"}],"author":[{"embeddable":true,"href":"https:\/\/interessatb.com.br\/index.php?rest_route=\/wp\/v2\/users\/1"}],"replies":[{"embeddable":true,"href":"https:\/\/interessatb.com.br\/index.php?rest_route=%2Fwp%2Fv2%2Fcomments&post=1840"}],"version-history":[{"count":10,"href":"https:\/\/interessatb.com.br\/index.php?rest_route=\/wp\/v2\/posts\/1840\/revisions"}],"predecessor-version":[{"id":1860,"href":"https:\/\/interessatb.com.br\/index.php?rest_route=\/wp\/v2\/posts\/1840\/revisions\/1860"}],"wp:featuredmedia":[{"embeddable":true,"href":"https:\/\/interessatb.com.br\/index.php?rest_route=\/wp\/v2\/media\/1842"}],"wp:attachment":[{"href":"https:\/\/interessatb.com.br\/index.php?rest_route=%2Fwp%2Fv2%2Fmedia&parent=1840"}],"wp:term":[{"taxonomy":"category","embeddable":true,"href":"https:\/\/interessatb.com.br\/index.php?rest_route=%2Fwp%2Fv2%2Fcategories&post=1840"},{"taxonomy":"post_tag","embeddable":true,"href":"https:\/\/interessatb.com.br\/index.php?rest_route=%2Fwp%2Fv2%2Ftags&post=1840"}],"curies":[{"name":"wp","href":"https:\/\/api.w.org\/{rel}","templated":true}]}}