{"id":1867,"date":"2022-11-10T16:32:03","date_gmt":"2022-11-10T19:32:03","guid":{"rendered":"https:\/\/interessatb.com.br\/?p=1867"},"modified":"2022-11-10T16:32:03","modified_gmt":"2022-11-10T19:32:03","slug":"telemaco-borba-participa-do-projeto-tibagi-150-anos-conte-sua-historia","status":"publish","type":"post","link":"https:\/\/interessatb.com.br\/?p=1867","title":{"rendered":"Tel\u00eamaco Borba participa do projeto \u201cTibagi 150 anos: conte sua hist\u00f3ria\u201d"},"content":{"rendered":"\n<p>O munic\u00edpio participou neste dia 8 de novembro do evento cultural re\u00fane munic\u00edpios e regi\u00f5es que foram emancipadas tendo como origem Tibagi, representado pela Secretaria de Cultura, Esporte e Recrea\u00e7\u00e3o de Tel\u00eamaco Borba.<\/p>\n\n\n\n<p>O evento \u00e9 mais uma etapa do projeto \u201cTibagi 150 anos: conte a sua hist\u00f3ria\u201d, organizado pelo Museu Hist\u00f3rico Desembargador Edmundo Mercer J\u00fanior, e aconteceu no Teatro Tia In\u00e1lia, em Tibagi. O munic\u00edpio de Tel\u00eamaco Borba, que participou como convidado, se emancipou de Tibagi em 05 de julho de 1963, atrav\u00e9s da Lei Estadual n\u00ba 4.738 e foi instalado de fato no dia 21 de mar\u00e7o de 1964.<\/p>\n\n\n\n<p><strong>Veja tamb\u00e9m<\/strong><\/p>\n\n\n\n<p><a href=\"https:\/\/interessatb.com.br\/?p=1637\">Empresas de Castro recebem concess\u00e3o de \u00e1rea da Prefeitura<\/a><\/p>\n\n\n\n<p><a href=\"https:\/\/interessatb.com.br\/?p=1778\">Parque Guartel\u00e1 reabre para receber turistas ap\u00f3s reparos na infraestrutura<\/a><\/p>\n\n\n\n<p>Conforme divulgado pela Prefeitura de Tel\u00eamaco Borba, A turism\u00f3loga Let\u00edcia Ribinski, respons\u00e1vel pela Casa das Artes, e a t\u00e9cnica cultural, Adriana Andrade, estiveram presentes. E a convite do Museu Hist\u00f3rico Municipal participaram os representantes do grupo de historiadores de Tel\u00eamaco Borba. A professora Maria da Concei\u00e7\u00e3o Barbosa Xavier proferiu palestra tratando sobre o tema abordando a rela\u00e7\u00e3o hist\u00f3rica que envolve Tel\u00eamaco e Tibagi.<\/p>\n\n\n\n<p><em>Fonte: Assessoria da PMT<\/em><\/p>\n","protected":false},"excerpt":{"rendered":"<div class=\"mh-excerpt\"><p>O munic\u00edpio participou neste dia 8 de novembro do evento cultural re\u00fane munic\u00edpios e regi\u00f5es que foram emancipadas tendo como origem Tibagi, representado pela Secretaria <a class=\"mh-excerpt-more\" href=\"https:\/\/interessatb.com.br\/?p=1867\" title=\"Tel\u00eamaco Borba participa do projeto \u201cTibagi 150 anos: conte sua hist\u00f3ria\u201d\">[&#8230;]<\/a><\/p>\n<\/div>","protected":false},"author":1,"featured_media":1871,"comment_status":"closed","ping_status":"closed","sticky":false,"template":"","format":"standard","meta":{"footnotes":""},"categories":[19,14],"tags":[],"class_list":["post-1867","post","type-post","status-publish","format-standard","has-post-thumbnail","hentry","category-cultura","category-regiao"],"_links":{"self":[{"href":"https:\/\/interessatb.com.br\/index.php?rest_route=\/wp\/v2\/posts\/1867","targetHints":{"allow":["GET"]}}],"collection":[{"href":"https:\/\/interessatb.com.br\/index.php?rest_route=\/wp\/v2\/posts"}],"about":[{"href":"https:\/\/interessatb.com.br\/index.php?rest_route=\/wp\/v2\/types\/post"}],"author":[{"embeddable":true,"href":"https:\/\/interessatb.com.br\/index.php?rest_route=\/wp\/v2\/users\/1"}],"replies":[{"embeddable":true,"href":"https:\/\/interessatb.com.br\/index.php?rest_route=%2Fwp%2Fv2%2Fcomments&post=1867"}],"version-history":[{"count":3,"href":"https:\/\/interessatb.com.br\/index.php?rest_route=\/wp\/v2\/posts\/1867\/revisions"}],"predecessor-version":[{"id":1872,"href":"https:\/\/interessatb.com.br\/index.php?rest_route=\/wp\/v2\/posts\/1867\/revisions\/1872"}],"wp:featuredmedia":[{"embeddable":true,"href":"https:\/\/interessatb.com.br\/index.php?rest_route=\/wp\/v2\/media\/1871"}],"wp:attachment":[{"href":"https:\/\/interessatb.com.br\/index.php?rest_route=%2Fwp%2Fv2%2Fmedia&parent=1867"}],"wp:term":[{"taxonomy":"category","embeddable":true,"href":"https:\/\/interessatb.com.br\/index.php?rest_route=%2Fwp%2Fv2%2Fcategories&post=1867"},{"taxonomy":"post_tag","embeddable":true,"href":"https:\/\/interessatb.com.br\/index.php?rest_route=%2Fwp%2Fv2%2Ftags&post=1867"}],"curies":[{"name":"wp","href":"https:\/\/api.w.org\/{rel}","templated":true}]}}