{"id":1881,"date":"2022-11-17T06:55:12","date_gmt":"2022-11-17T09:55:12","guid":{"rendered":"https:\/\/interessatb.com.br\/?p=1881"},"modified":"2022-11-17T08:31:33","modified_gmt":"2022-11-17T11:31:33","slug":"comite-territorial-vale-do-tibagi-recebe-premiacao-maxima-do-sebrae-em-foz-do-iguacu","status":"publish","type":"post","link":"https:\/\/interessatb.com.br\/?p=1881","title":{"rendered":"Comit\u00ea Territorial Vale do Tibagi recebe premia\u00e7\u00e3o m\u00e1xima do SEBRAE em Foz do Igua\u00e7u"},"content":{"rendered":"\n<p>A premia\u00e7\u00e3o ocorreu no Encontro Estadual dos Comit\u00eas dos Pequenos Neg\u00f3cios organizado pelo Sebrae, evento realizado no in\u00edcio deste m\u00eas (8 e 9\/11) em Foz do Igua\u00e7u.<\/p>\n\n\n\n<p>O Sebrae\/PR reconheceu 93 munic\u00edpios paranaenses com o Pr\u00eamio Cidade Empreendedora, nas categorias Ouro, Prata e Bronze, por apresentarem melhorias no ambiente de neg\u00f3cios. No total, 135 munic\u00edpios participantes do programa Cidade Empreendedora no Paran\u00e1 foram avaliados para a premia\u00e7\u00e3o: 30 conquistaram a pontua\u00e7\u00e3o Ouro, 44 obtiveram Prata e 19 conseguiram Bronze.<\/p>\n\n\n\n<p>O desempenho mostrado pela equipe do Comit\u00ea Territorial Vale Do Tibagi foi reconhecida com a premia\u00e7\u00e3o na categoria OURO do Programa Territ\u00f3rio&nbsp;Empreendedor. Nas palavras da Presidente do Comit\u00ea, Ericleia Dlugosz &#8220;\u00c9 com muita alegria e orgulho que recebemos esse pr\u00eamio em nome de nosso Territ\u00f3rio; que s\u00f3 foi poss\u00edvel gra\u00e7as ao comprometimento e seriedade com que os membros do comit\u00ea est\u00e3o conduzindo seus trabalhos, a parceria do Sebrae e a abertura que temos encontrado junto as organiza\u00e7\u00f5es e institui\u00e7\u00f5es que temos mantido contato. S\u00f3 com esse esp\u00edrito e a uni\u00e3o de todos \u00e9 que conseguiremos impactar positivamente no desenvolvimento&nbsp;da&nbsp;regi\u00e3o!&#8221;.<\/p>\n\n\n\n<p>Na premia\u00e7\u00e3o do Programa Cidade Empreendedora, Ortigueira foi premiada na categoria Ouro. Dois munic\u00edpios do territ\u00f3rio foram premiados na categoria bronze: Arapoti&nbsp;e&nbsp;Reserva. <\/p>\n\n\n\n<p>Para o Programa Sala do Empreendedor os munic\u00edpios de Tel\u00eamaco Borba e Arapoti foram premiados. Os destaques regionais nesta categoria foram os munic\u00edpios de Tibagi e Imba\u00fa, que receberam o pr\u00eamio na categoria Ouro.<\/p>\n\n\n\n<p>O Pr\u00eamio Cidade Empreendedora tem como objetivo reconhecer e premiar os munic\u00edpios que aderiram ao Programa Cidade Empreendedora e obtiveram significativa melhoria do ambiente de neg\u00f3cios pela evolu\u00e7\u00e3o do IDAN-M (\u00cdndice de Desenvolvimento de Ambiente de Neg\u00f3cios Municipal). A classifica\u00e7\u00e3o para o pr\u00eamio \u00e9 realizada conforme a evolu\u00e7\u00e3o no \u00cdndice de Desenvolvimento de Ambiente de Neg\u00f3cios Municipal, que contempla os crit\u00e9rios: pol\u00edticas p\u00fablicas; acesso a mercados; acesso a cr\u00e9dito; simplifica\u00e7\u00e3o e desburocratiza\u00e7\u00e3o; lideran\u00e7a e governan\u00e7a; associativismo; e inova\u00e7\u00e3o.<\/p>\n","protected":false},"excerpt":{"rendered":"<div class=\"mh-excerpt\"><p>A premia\u00e7\u00e3o ocorreu no Encontro Estadual dos Comit\u00eas dos Pequenos Neg\u00f3cios organizado pelo Sebrae, evento realizado no in\u00edcio deste m\u00eas (8 e 9\/11) em Foz <a class=\"mh-excerpt-more\" href=\"https:\/\/interessatb.com.br\/?p=1881\" title=\"Comit\u00ea Territorial Vale do Tibagi recebe premia\u00e7\u00e3o m\u00e1xima do SEBRAE em Foz do Igua\u00e7u\">[&#8230;]<\/a><\/p>\n<\/div>","protected":false},"author":1,"featured_media":1885,"comment_status":"closed","ping_status":"closed","sticky":false,"template":"","format":"standard","meta":{"footnotes":""},"categories":[14],"tags":[],"class_list":["post-1881","post","type-post","status-publish","format-standard","has-post-thumbnail","hentry","category-regiao"],"_links":{"self":[{"href":"https:\/\/interessatb.com.br\/index.php?rest_route=\/wp\/v2\/posts\/1881","targetHints":{"allow":["GET"]}}],"collection":[{"href":"https:\/\/interessatb.com.br\/index.php?rest_route=\/wp\/v2\/posts"}],"about":[{"href":"https:\/\/interessatb.com.br\/index.php?rest_route=\/wp\/v2\/types\/post"}],"author":[{"embeddable":true,"href":"https:\/\/interessatb.com.br\/index.php?rest_route=\/wp\/v2\/users\/1"}],"replies":[{"embeddable":true,"href":"https:\/\/interessatb.com.br\/index.php?rest_route=%2Fwp%2Fv2%2Fcomments&post=1881"}],"version-history":[{"count":6,"href":"https:\/\/interessatb.com.br\/index.php?rest_route=\/wp\/v2\/posts\/1881\/revisions"}],"predecessor-version":[{"id":1890,"href":"https:\/\/interessatb.com.br\/index.php?rest_route=\/wp\/v2\/posts\/1881\/revisions\/1890"}],"wp:featuredmedia":[{"embeddable":true,"href":"https:\/\/interessatb.com.br\/index.php?rest_route=\/wp\/v2\/media\/1885"}],"wp:attachment":[{"href":"https:\/\/interessatb.com.br\/index.php?rest_route=%2Fwp%2Fv2%2Fmedia&parent=1881"}],"wp:term":[{"taxonomy":"category","embeddable":true,"href":"https:\/\/interessatb.com.br\/index.php?rest_route=%2Fwp%2Fv2%2Fcategories&post=1881"},{"taxonomy":"post_tag","embeddable":true,"href":"https:\/\/interessatb.com.br\/index.php?rest_route=%2Fwp%2Fv2%2Ftags&post=1881"}],"curies":[{"name":"wp","href":"https:\/\/api.w.org\/{rel}","templated":true}]}}