{"id":1895,"date":"2022-11-18T06:52:12","date_gmt":"2022-11-18T09:52:12","guid":{"rendered":"https:\/\/interessatb.com.br\/?p=1895"},"modified":"2024-07-29T11:56:32","modified_gmt":"2024-07-29T14:56:32","slug":"fazenda-prorroga-ate-2028-beneficio-do-icms-para-operacoes-de-e-commerce","status":"publish","type":"post","link":"https:\/\/interessatb.com.br\/?p=1895","title":{"rendered":"Fazenda prorroga at\u00e9 2028 benef\u00edcio do ICMS para opera\u00e7\u00f5es de e-commerce"},"content":{"rendered":"\n<p>Benef\u00edcio, que atende empresas enquadradas no Programa Paran\u00e1 Competitivo, reduz o ICMS para 2% nas vendas interestaduais. Investimentos nessa linha atingiram R$ 95 milh\u00f5es nos \u00faltimos anos.<\/p>\n\n\n\n<p>O Governo do Estado, por meio da Secretaria da Fazenda (Sefa), prorrogou o prazo para que as empresas que atuam exclusivamente no e-commerce, quando enquadradas no Programa Paran\u00e1 Competitivo, possam pleitear o benef\u00edcio de cr\u00e9dito presumido, o que reduz a carga efetiva do ICMS para 2% nas vendas interestaduais efetuadas nesta modalidade.<\/p>\n\n\n\n<p>O benef\u00edcio, que venceria em dezembro de 2022, foi estendido at\u00e9 dezembro de 2028, mantendo a redu\u00e7\u00e3o do valor do investimento exigido para fins de enquadramento no programa que \u00e9 de, no m\u00ednimo, R$ 360 mil.<\/p>\n\n\n\n<p>\u201cA prorroga\u00e7\u00e3o do benef\u00edcio faz-se necess\u00e1ria para atrair a realiza\u00e7\u00e3o de novos investimentos e para manter as condi\u00e7\u00f5es de concorr\u00eancia das empresas paranaenses com aquelas sediadas no vizinho estado de Santa Catarina, em raz\u00e3o de benef\u00edcio fiscal similar concedido por aquela unidade federada\u201d, explicou o Secret\u00e1rio da Fazenda do Paran\u00e1, Ren\u00ea Garcia Junior.<\/p>\n\n\n\n<p>Nos \u00faltimos tr\u00eas anos foram enquadrados 21 estabelecimentos no Programa Paran\u00e1 Competitivo, com previs\u00e3o de investimento em torno de R$ 95 milh\u00f5es. Al\u00e9m destes, ainda est\u00e3o em processo de avalia\u00e7\u00e3o outros 15 protocolos de empresas solicitando o enquadramento nesta modalidade para os pr\u00f3ximos meses.<\/p>\n\n\n\n<p>Fonte: <em>AEN PR.<\/em><\/p>\n","protected":false},"excerpt":{"rendered":"<div class=\"mh-excerpt\"><p>Benef\u00edcio, que atende empresas enquadradas no Programa Paran\u00e1 Competitivo, reduz o ICMS para 2% nas vendas interestaduais. Investimentos nessa linha atingiram R$ 95 milh\u00f5es nos <a class=\"mh-excerpt-more\" href=\"https:\/\/interessatb.com.br\/?p=1895\" title=\"Fazenda prorroga at\u00e9 2028 benef\u00edcio do ICMS para opera\u00e7\u00f5es de e-commerce\">[&#8230;]<\/a><\/p>\n<\/div>","protected":false},"author":1,"featured_media":1897,"comment_status":"closed","ping_status":"open","sticky":false,"template":"","format":"standard","meta":{"footnotes":""},"categories":[4,20,12,14],"tags":[],"class_list":["post-1895","post","type-post","status-publish","format-standard","has-post-thumbnail","hentry","category-economia","category-industria-e-comercio","category-parana","category-regiao"],"_links":{"self":[{"href":"https:\/\/interessatb.com.br\/index.php?rest_route=\/wp\/v2\/posts\/1895","targetHints":{"allow":["GET"]}}],"collection":[{"href":"https:\/\/interessatb.com.br\/index.php?rest_route=\/wp\/v2\/posts"}],"about":[{"href":"https:\/\/interessatb.com.br\/index.php?rest_route=\/wp\/v2\/types\/post"}],"author":[{"embeddable":true,"href":"https:\/\/interessatb.com.br\/index.php?rest_route=\/wp\/v2\/users\/1"}],"replies":[{"embeddable":true,"href":"https:\/\/interessatb.com.br\/index.php?rest_route=%2Fwp%2Fv2%2Fcomments&post=1895"}],"version-history":[{"count":2,"href":"https:\/\/interessatb.com.br\/index.php?rest_route=\/wp\/v2\/posts\/1895\/revisions"}],"predecessor-version":[{"id":1899,"href":"https:\/\/interessatb.com.br\/index.php?rest_route=\/wp\/v2\/posts\/1895\/revisions\/1899"}],"wp:featuredmedia":[{"embeddable":true,"href":"https:\/\/interessatb.com.br\/index.php?rest_route=\/wp\/v2\/media\/1897"}],"wp:attachment":[{"href":"https:\/\/interessatb.com.br\/index.php?rest_route=%2Fwp%2Fv2%2Fmedia&parent=1895"}],"wp:term":[{"taxonomy":"category","embeddable":true,"href":"https:\/\/interessatb.com.br\/index.php?rest_route=%2Fwp%2Fv2%2Fcategories&post=1895"},{"taxonomy":"post_tag","embeddable":true,"href":"https:\/\/interessatb.com.br\/index.php?rest_route=%2Fwp%2Fv2%2Ftags&post=1895"}],"curies":[{"name":"wp","href":"https:\/\/api.w.org\/{rel}","templated":true}]}}