{"id":1906,"date":"2022-11-24T06:41:44","date_gmt":"2022-11-24T09:41:44","guid":{"rendered":"https:\/\/interessatb.com.br\/?p=1906"},"modified":"2022-12-09T05:26:53","modified_gmt":"2022-12-09T08:26:53","slug":"ariely-miranda-conquista-medalha-de-ouro-no-xli-torneio-nacional-de-ginastica-artistica","status":"publish","type":"post","link":"https:\/\/interessatb.com.br\/?p=1906","title":{"rendered":"Ari\u00e9ly Miranda conquista medalha de ouro no XLI  Torneio Nacional de Gin\u00e1stica Art\u00edstica"},"content":{"rendered":"\n<p>O evento ocorreu na cidade de Goi\u00e2nia entre os dias 15 e 20 de novembro, com participa\u00e7\u00e3o de mais de 6oo ginastas de todo o pa\u00eds. Ari\u00e9ly superou 98 ginastas sagrando-se campe\u00e3 brasileira na categoria infantil, at\u00e9 15 anos. <\/p>\n\n\n\n<p>O evento foi promovido pela Confedera\u00e7\u00e3o Brasileira de Gin\u00e1stica. \u00c9 a&nbsp;segunda vez que a ginasta conquista um t\u00edtulo nacional. O anterior em 2019, foi na categoria infantil, no Rio de Janeiro. Segunda Ari\u00e9ly \u201cEstou muito feliz, sei o quanto lutei para chegar onde estou. Esta medalha n\u00e3o \u00e9 minha, \u00e9 de todos que me ajudaram a conquist\u00e1-la, minha fam\u00edlia, os treinadores, apoiadores e amigos.\u201d<\/p>\n\n\n<div class=\"wp-block-image\">\n<figure class=\"alignleft size-medium is-resized\"><img loading=\"lazy\" decoding=\"async\" src=\"https:\/\/interessatb.com.br\/wp-content\/uploads\/2022\/11\/Ariely-Miranda_ginasta-TB-189x300.jpg\" alt=\"\" class=\"wp-image-1909\" width=\"312\" height=\"495\" srcset=\"https:\/\/interessatb.com.br\/wp-content\/uploads\/2022\/11\/Ariely-Miranda_ginasta-TB-189x300.jpg 189w, https:\/\/interessatb.com.br\/wp-content\/uploads\/2022\/11\/Ariely-Miranda_ginasta-TB-644x1024.jpg 644w, https:\/\/interessatb.com.br\/wp-content\/uploads\/2022\/11\/Ariely-Miranda_ginasta-TB.jpg 720w\" sizes=\"auto, (max-width: 312px) 100vw, 312px\" \/><figcaption class=\"wp-element-caption\">Ari\u00e9ly Miranda exibindo sua conquista.<\/figcaption><\/figure>\n<\/div>\n\n\n<p>Um exemplo de supera\u00e7\u00e3o, a ginasta relatou que durante os treinos sofreu les\u00f5es, que segundo os m\u00e9dicos a impossibilitariam de continuar a carreira no esporte. Mesmo assim com persist\u00eancia, apoio da fam\u00edlia e amigos, e muita f\u00e9 em Deus conforme relata, conseguiu reverter o diagn\u00f3stico em um feito que a colocou no topo da gin\u00e1stica art\u00edstica brasileira, levando o nome da cidade de Tel\u00eamaco Borba ao destaque nacional.<\/p>\n\n\n\n<p>Ari\u00e9ly \u00e9 uma das revela\u00e7\u00f5es selecionadas nas turmas em conv\u00eanio com a Prefeitura pela Secretaria Municipal de Educa\u00e7\u00e3o com o Centro de Treinamento de Gin\u00e1stica Art\u00edstica (CTGA), desde os 9 anos de idade. Ela \u00e9 treinada pelos professores Ana Paula Ferreira da Silva e Juliano Fulas, no Centro de Treinamento de Gin\u00e1stica Art\u00edstica de Tel\u00eamaco Borba. <\/p>\n\n\n\n<p>A ginasta tamb\u00e9m recebe o apoio da Associa\u00e7\u00e3o Betel de Tel\u00eamaco Borba, da Klabin S. A., Cl\u00ednica de Fisioterapia Equil\u00edbrio e a Federa\u00e7\u00e3o Paranaense de Gin\u00e1stica.<\/p>\n\n\n\n<p>A competi\u00e7\u00e3o foi disputada em quatro categorias: Base, Iniciantes, Intermedi\u00e1rio e Avan\u00e7ado. H\u00e1 tamb\u00e9m quatro categorias de idade: pr\u00e9-infantil (9 e 10 anos); infantil (11 e 12 anos); juvenis (13 a 15 anos) e adulta (mais de 16 anos).<\/p>\n\n\n\n<p><\/p>\n\n\n\n<p><\/p>\n","protected":false},"excerpt":{"rendered":"<div class=\"mh-excerpt\"><p>O evento ocorreu na cidade de Goi\u00e2nia entre os dias 15 e 20 de novembro, com participa\u00e7\u00e3o de mais de 6oo ginastas de todo o <a class=\"mh-excerpt-more\" href=\"https:\/\/interessatb.com.br\/?p=1906\" title=\"Ari\u00e9ly Miranda conquista medalha de ouro no XLI  Torneio Nacional de Gin\u00e1stica Art\u00edstica\">[&#8230;]<\/a><\/p>\n<\/div>","protected":false},"author":1,"featured_media":1907,"comment_status":"closed","ping_status":"closed","sticky":false,"template":"","format":"standard","meta":{"footnotes":""},"categories":[2,7],"tags":[],"class_list":["post-1906","post","type-post","status-publish","format-standard","has-post-thumbnail","hentry","category-cidade","category-esporte"],"_links":{"self":[{"href":"https:\/\/interessatb.com.br\/index.php?rest_route=\/wp\/v2\/posts\/1906","targetHints":{"allow":["GET"]}}],"collection":[{"href":"https:\/\/interessatb.com.br\/index.php?rest_route=\/wp\/v2\/posts"}],"about":[{"href":"https:\/\/interessatb.com.br\/index.php?rest_route=\/wp\/v2\/types\/post"}],"author":[{"embeddable":true,"href":"https:\/\/interessatb.com.br\/index.php?rest_route=\/wp\/v2\/users\/1"}],"replies":[{"embeddable":true,"href":"https:\/\/interessatb.com.br\/index.php?rest_route=%2Fwp%2Fv2%2Fcomments&post=1906"}],"version-history":[{"count":8,"href":"https:\/\/interessatb.com.br\/index.php?rest_route=\/wp\/v2\/posts\/1906\/revisions"}],"predecessor-version":[{"id":1917,"href":"https:\/\/interessatb.com.br\/index.php?rest_route=\/wp\/v2\/posts\/1906\/revisions\/1917"}],"wp:featuredmedia":[{"embeddable":true,"href":"https:\/\/interessatb.com.br\/index.php?rest_route=\/wp\/v2\/media\/1907"}],"wp:attachment":[{"href":"https:\/\/interessatb.com.br\/index.php?rest_route=%2Fwp%2Fv2%2Fmedia&parent=1906"}],"wp:term":[{"taxonomy":"category","embeddable":true,"href":"https:\/\/interessatb.com.br\/index.php?rest_route=%2Fwp%2Fv2%2Fcategories&post=1906"},{"taxonomy":"post_tag","embeddable":true,"href":"https:\/\/interessatb.com.br\/index.php?rest_route=%2Fwp%2Fv2%2Ftags&post=1906"}],"curies":[{"name":"wp","href":"https:\/\/api.w.org\/{rel}","templated":true}]}}