{"id":1919,"date":"2022-12-01T05:25:06","date_gmt":"2022-12-01T08:25:06","guid":{"rendered":"https:\/\/interessatb.com.br\/?p=1919"},"modified":"2022-12-01T05:25:06","modified_gmt":"2022-12-01T08:25:06","slug":"municipio-de-castro-adota-novamente-uso-de-mascaras-em-estabelecimentos-de-saude-e-ensino","status":"publish","type":"post","link":"https:\/\/interessatb.com.br\/?p=1919","title":{"rendered":"Munic\u00edpio de Castro adota novamente uso de m\u00e1scaras em estabelecimentos de sa\u00fade e ensino"},"content":{"rendered":"\n<p>Motivada pelo aumento de casos da Covid-19 em todo o pa\u00eds, a Prefeitura de Castro regulamentou por meio do <a href=\"https:\/\/castro.atende.net\/atende.php?rot=54002&amp;aca=737&amp;processo=visualizar&amp;parametro=%7B%22codigo%22%3A%222367%22%2C%22hash%22%3A%22429C40D3C9B0887DE6AE477BB42884826460CB79%22%7D&amp;cidade=padrao\">decreto 1243\/2022<\/a> o uso de m\u00e1scara de prote\u00e7\u00e3o facial no enfrentamento da doen\u00e7a.<\/p>\n\n\n\n<p>A medida passou a valer partir desta quarta-feira (30), exigida em espa\u00e7os p\u00fablicos e privados, abertos ou fechados, onde exista aglomera\u00e7\u00e3o de pessoas. Em Castro, conforme o \u00faltimo boletim divulgado, o n\u00famero de casos confirmados foi de 60 na \u00faltima semana.<\/p>\n\n\n\n<p>Conforme a \u00a0secret\u00e1ria municipal de Sa\u00fade, Maria Lidia Kravutschke \u201cA medida \u00e9 extremamente necess\u00e1ria, pois assim como outros munic\u00edpios, estamos registrando alta no n\u00famero de pacientes acometidos pela Covid. O uso da m\u00e1scara \u00e9 a forma de preven\u00e7\u00e3o para os profissionais da sa\u00fade e toda a popula\u00e7\u00e3o. \u00c9 importante tamb\u00e9m que as pessoas cumpram todas as etapas da vacina\u00e7\u00e3o e mantenham as medidas de higiene das m\u00e3os, lavando frequentemente, utilizando \u00e1lcool em gel e evitando contato\u201d.<\/p>\n\n\n\n<p>O uso de m\u00e1scaras passa a ser obrigat\u00f3rio em estabelecimentos de assist\u00eancia \u00e0 sa\u00fade, para pessoas com sintomas respirat\u00f3rios gripais, com sua imunidade comprometida, n\u00e3o vacinadas contra a Covid-19 ou com esquema vacinal incompleto, idosos, gestantes e pu\u00e9rperas, com ou sem comorbidades, em espa\u00e7os ou ambientes fechados, de acesso coletivo e estabelecimentos de ensino, entre outros.<\/p>\n","protected":false},"excerpt":{"rendered":"<div class=\"mh-excerpt\"><p>Motivada pelo aumento de casos da Covid-19 em todo o pa\u00eds, a Prefeitura de Castro regulamentou por meio do decreto 1243\/2022 o uso de m\u00e1scara <a class=\"mh-excerpt-more\" href=\"https:\/\/interessatb.com.br\/?p=1919\" title=\"Munic\u00edpio de Castro adota novamente uso de m\u00e1scaras em estabelecimentos de sa\u00fade e ensino\">[&#8230;]<\/a><\/p>\n<\/div>","protected":false},"author":1,"featured_media":1921,"comment_status":"closed","ping_status":"closed","sticky":false,"template":"","format":"standard","meta":{"footnotes":""},"categories":[5,14,15],"tags":[],"class_list":["post-1919","post","type-post","status-publish","format-standard","has-post-thumbnail","hentry","category-educacao","category-regiao","category-saude"],"_links":{"self":[{"href":"https:\/\/interessatb.com.br\/index.php?rest_route=\/wp\/v2\/posts\/1919","targetHints":{"allow":["GET"]}}],"collection":[{"href":"https:\/\/interessatb.com.br\/index.php?rest_route=\/wp\/v2\/posts"}],"about":[{"href":"https:\/\/interessatb.com.br\/index.php?rest_route=\/wp\/v2\/types\/post"}],"author":[{"embeddable":true,"href":"https:\/\/interessatb.com.br\/index.php?rest_route=\/wp\/v2\/users\/1"}],"replies":[{"embeddable":true,"href":"https:\/\/interessatb.com.br\/index.php?rest_route=%2Fwp%2Fv2%2Fcomments&post=1919"}],"version-history":[{"count":2,"href":"https:\/\/interessatb.com.br\/index.php?rest_route=\/wp\/v2\/posts\/1919\/revisions"}],"predecessor-version":[{"id":1922,"href":"https:\/\/interessatb.com.br\/index.php?rest_route=\/wp\/v2\/posts\/1919\/revisions\/1922"}],"wp:featuredmedia":[{"embeddable":true,"href":"https:\/\/interessatb.com.br\/index.php?rest_route=\/wp\/v2\/media\/1921"}],"wp:attachment":[{"href":"https:\/\/interessatb.com.br\/index.php?rest_route=%2Fwp%2Fv2%2Fmedia&parent=1919"}],"wp:term":[{"taxonomy":"category","embeddable":true,"href":"https:\/\/interessatb.com.br\/index.php?rest_route=%2Fwp%2Fv2%2Fcategories&post=1919"},{"taxonomy":"post_tag","embeddable":true,"href":"https:\/\/interessatb.com.br\/index.php?rest_route=%2Fwp%2Fv2%2Ftags&post=1919"}],"curies":[{"name":"wp","href":"https:\/\/api.w.org\/{rel}","templated":true}]}}