{"id":194,"date":"2021-08-02T08:21:32","date_gmt":"2021-08-02T11:21:32","guid":{"rendered":"https:\/\/interessatb.com.br\/?p=194"},"modified":"2022-08-21T11:30:46","modified_gmt":"2022-08-21T14:30:46","slug":"medidas-restritivas-mais-brandas-contra-covid-19-em-novo-decreto-municipal","status":"publish","type":"post","link":"https:\/\/interessatb.com.br\/?p=194","title":{"rendered":"Medidas restritivas mais brandas contra Covid-19 em novo decreto municipal"},"content":{"rendered":"\n<p>O Poder Executivo de Tel\u00eamaco Borba emitiu novo decreto que trata das medidas restritivas e combate \u00e0 Covid-19. Em decreto de 31 de julho, o munic\u00edpio se adequa ao decreto emitido pelo governo do estado. Dentre as principais mudan\u00e7as est\u00e1 o aumento de p\u00fablico em eventos abertos e fechados. A restri\u00e7\u00e3o de circula\u00e7\u00e3o tamb\u00e9m sofreu mudan\u00e7a de hor\u00e1rio e a circula\u00e7\u00e3o em em espa\u00e7os e vias p\u00fablicas fica restrito das 00 horas \u00e0s 05 horas.<\/p>\n\n\n\n<p>Para eventos realizados em espa\u00e7os abertos para p\u00fablico sentado, sem consumo de alimentos ou bebidas, a lota\u00e7\u00e3o pode atingir at\u00e9 60% da capacidade total. Para espa\u00e7os fechados o limite \u00e9 40% da capacidade. Em ambos os casos o limite m\u00e1ximo \u00e9 de 500 pessoas. Em espa\u00e7os menores existem outras limita\u00e7\u00f5es de podem ser consultadas<a href=\"http:\/\/www.telemacoborba.pr.gov.br\/informacoes\/boletim-oficial\/14835-edicao-1774.html\"> no decreto<\/a>.<\/p>\n\n\n\n<p>O decreto municipal condiciona a participa\u00e7\u00e3o de eventos \u00e0 apresenta\u00e7\u00e3o de teste negativo para Covid-19 ou comprova\u00e7\u00e3o do esquema vacinal, mas sem indicar como ser\u00e1 feita a fiscaliza\u00e7\u00e3o desta exig\u00eancia. Fica proibida a realiza\u00e7\u00e3o de eventos dan\u00e7antes, que durem mais de 6 horas, eventos esportivos com presen\u00e7a de p\u00fablico e similares.<\/p>\n\n\n\n<p>Continua proibida a comercializa\u00e7\u00e3o e consumo de bebidas alco\u00f3licas no hor\u00e1rio restritivo das 00 horas \u00e0s 05 horas, por estabelecimentos comerciais. O decreto tem vig\u00eancia at\u00e9 15 de agosto.<\/p>\n","protected":false},"excerpt":{"rendered":"<div class=\"mh-excerpt\"><p>O Poder Executivo de Tel\u00eamaco Borba emitiu novo decreto que trata das medidas restritivas e combate \u00e0 Covid-19. Em decreto de 31 de julho, o <a class=\"mh-excerpt-more\" href=\"https:\/\/interessatb.com.br\/?p=194\" title=\"Medidas restritivas mais brandas contra Covid-19 em novo decreto municipal\">[&#8230;]<\/a><\/p>\n<\/div>","protected":false},"author":1,"featured_media":1272,"comment_status":"closed","ping_status":"closed","sticky":false,"template":"","format":"standard","meta":{"footnotes":""},"categories":[2,15],"tags":[],"class_list":["post-194","post","type-post","status-publish","format-standard","has-post-thumbnail","hentry","category-cidade","category-saude"],"_links":{"self":[{"href":"https:\/\/interessatb.com.br\/index.php?rest_route=\/wp\/v2\/posts\/194","targetHints":{"allow":["GET"]}}],"collection":[{"href":"https:\/\/interessatb.com.br\/index.php?rest_route=\/wp\/v2\/posts"}],"about":[{"href":"https:\/\/interessatb.com.br\/index.php?rest_route=\/wp\/v2\/types\/post"}],"author":[{"embeddable":true,"href":"https:\/\/interessatb.com.br\/index.php?rest_route=\/wp\/v2\/users\/1"}],"replies":[{"embeddable":true,"href":"https:\/\/interessatb.com.br\/index.php?rest_route=%2Fwp%2Fv2%2Fcomments&post=194"}],"version-history":[{"count":2,"href":"https:\/\/interessatb.com.br\/index.php?rest_route=\/wp\/v2\/posts\/194\/revisions"}],"predecessor-version":[{"id":1274,"href":"https:\/\/interessatb.com.br\/index.php?rest_route=\/wp\/v2\/posts\/194\/revisions\/1274"}],"wp:featuredmedia":[{"embeddable":true,"href":"https:\/\/interessatb.com.br\/index.php?rest_route=\/wp\/v2\/media\/1272"}],"wp:attachment":[{"href":"https:\/\/interessatb.com.br\/index.php?rest_route=%2Fwp%2Fv2%2Fmedia&parent=194"}],"wp:term":[{"taxonomy":"category","embeddable":true,"href":"https:\/\/interessatb.com.br\/index.php?rest_route=%2Fwp%2Fv2%2Fcategories&post=194"},{"taxonomy":"post_tag","embeddable":true,"href":"https:\/\/interessatb.com.br\/index.php?rest_route=%2Fwp%2Fv2%2Ftags&post=194"}],"curies":[{"name":"wp","href":"https:\/\/api.w.org\/{rel}","templated":true}]}}