{"id":1948,"date":"2022-12-09T05:21:52","date_gmt":"2022-12-09T08:21:52","guid":{"rendered":"https:\/\/interessatb.com.br\/?p=1948"},"modified":"2022-12-09T05:21:52","modified_gmt":"2022-12-09T08:21:52","slug":"fazenda-divulga-calendario-do-ipva-2023-e-disponibiliza-mais-opcoes-para-pagamento","status":"publish","type":"post","link":"https:\/\/interessatb.com.br\/?p=1948","title":{"rendered":"Fazenda divulga calend\u00e1rio do IPVA 2023 e disponibiliza mais op\u00e7\u00f5es para pagamento"},"content":{"rendered":"\n<p>Cobran\u00e7a inicia em janeiro e a al\u00edquota \u00e9 de 3,5% ou 1% do valor do ve\u00edculo. Em 2023 ser\u00e1 poss\u00edvel parcelar no cart\u00e3o cr\u00e9dito e, tamb\u00e9m, pagar a Guia de Recolhimento com QRCode via PIX.<\/p>\n\n\n\n<p>O Governo do Estado, por meio da Secretaria da Fazenda, divulgou nesta ter\u00e7a-feira (6) o calend\u00e1rio do Imposto sobre a Propriedade de Ve\u00edculos Automotores \u2013 IPVA 2023. Haver\u00e1 mais op\u00e7\u00f5es para pagamento do tributo. Assim como em 2022, o Estado mant\u00e9m a possibilidade de quita\u00e7\u00e3o em cinco parcelas sem desconto, ou pagamento \u00e0 vista com 3% de abatimento.<\/p>\n\n\n\n<p>Uma das novidades em 2023 \u00e9 que ser\u00e1 poss\u00edvel pagar com cart\u00e3o de cr\u00e9dito, que permite parcelar o imposto em at\u00e9 12 vezes. Al\u00e9m disso, tamb\u00e9m haver\u00e1 a op\u00e7\u00e3o de pagamento da Guia de Recolhimento com QRCode via PIX, o que traz mais facilidade para o contribuinte. A quita\u00e7\u00e3o pode ser feita nos canais eletr\u00f4nicos de qualquer institui\u00e7\u00e3o banc\u00e1ria ou mesmo por meio de aplicativos, n\u00e3o se restringindo aos conveniados com o Estado. A cobran\u00e7a inicia em janeiro e a al\u00edquota \u00e9 de 3,5% ou 1% do valor do ve\u00edculo.<\/p>\n\n\n\n<p><strong>ONLINE\u00a0<\/strong>\u2013 O sistema de pagamento continuar\u00e1 o mesmo, de forma online, ou seja, os contribuintes n\u00e3o receber\u00e3o o boleto em casa, nem qualquer outro tipo de correspond\u00eancia. As guias podem ser emitidas <a href=\"http:\/\/www.fazenda.pr.gov.br\/\">neste link<\/a>.<\/p>\n\n\n\n<p>Com o cart\u00e3o de cr\u00e9dito, as empresas credenciadas junto ao Governo t\u00eam autonomia para definir as condi\u00e7\u00f5es comerciais das transa\u00e7\u00f5es, as bandeiras dos cart\u00f5es utilizadas, n\u00famero poss\u00edvel de parcelas, juros aplic\u00e1veis e outras taxas a serem cobradas, de acordo com o parcelamento. Ao contribuinte cabe avaliar as condi\u00e7\u00f5es mais favor\u00e1veis para o pagamento do imposto e, caso opte por realizar o pagamento no cart\u00e3o de cr\u00e9dito, deve exigir o comprovante de pagamento dos d\u00e9bitos fiscais recolhidos.\u00a0\u00a0<\/p>\n\n\n\n<p>O IPVA \u00e9 uma das principais fontes de arrecada\u00e7\u00e3o tribut\u00e1ria do Paran\u00e1, ficando atr\u00e1s apenas do Imposto sobre Circula\u00e7\u00e3o de Mercadorias e Servi\u00e7os de Transporte Interestadual e Intermunicipal e de Comunica\u00e7\u00e3o (ICMS). O Estado destina 50% do valor arrecadado com o imposto para o munic\u00edpio de emplacamento do ve\u00edculo.<\/p>\n\n\n\n<p><strong>Calend\u00e1rio de vencimento do IPVA 2023:<\/strong><\/p>\n\n\n\n<p><strong>FINAL DE PLACA \u2013<\/strong><strong>&nbsp;pagamento \u00e0 vista<\/strong><\/p>\n\n\n\n<p>1 e 2 \u2013 19\/01\/2023&nbsp;<\/p>\n\n\n\n<p>3 e 4 \u2013 20\/01\/2023&nbsp;<\/p>\n\n\n\n<p>5 e 6 \u2013 23\/01\/2023&nbsp;<\/p>\n\n\n\n<p>7 e 8 \u2013 24\/01\/2023&nbsp;<\/p>\n\n\n\n<p>9 e 0 \u2013 25\/01\/2023&nbsp;<\/p>\n\n\n\n<p><strong>FINAL DE PLACA \u2013 cinco parcelas&nbsp;<\/strong><\/p>\n\n\n\n<p>1 e 2 \u2013 19\/01, 16\/02, 20\/03, 17\/04, 18\/05&nbsp;<\/p>\n\n\n\n<p>3 e 4 \u2013 20\/01, 17\/02, 21\/03, 18\/04, 19\/05&nbsp;<\/p>\n\n\n\n<p>5 e 6&nbsp;\u2013 23\/01, 22\/02, 22\/03, 19\/04, 22\/05&nbsp;<\/p>\n\n\n\n<p>7 e 8 \u2013 24\/01, 23\/02, 23\/03, 20\/04, 23\/05&nbsp;<\/p>\n\n\n\n<p>9 e 0 \u2013 25\/01, 24\/02, 24\/03, 24\/04, 24\/05<\/p>\n\n\n\n<p><\/p>\n\n\n\n<p>Fonte: <em>AEN\/PR<\/em>.<\/p>\n","protected":false},"excerpt":{"rendered":"<div class=\"mh-excerpt\"><p>Cobran\u00e7a inicia em janeiro e a al\u00edquota \u00e9 de 3,5% ou 1% do valor do ve\u00edculo. Em 2023 ser\u00e1 poss\u00edvel parcelar no cart\u00e3o cr\u00e9dito e, <a class=\"mh-excerpt-more\" href=\"https:\/\/interessatb.com.br\/?p=1948\" title=\"Fazenda divulga calend\u00e1rio do IPVA 2023 e disponibiliza mais op\u00e7\u00f5es para pagamento\">[&#8230;]<\/a><\/p>\n<\/div>","protected":false},"author":1,"featured_media":1951,"comment_status":"closed","ping_status":"closed","sticky":false,"template":"","format":"standard","meta":{"footnotes":""},"categories":[12,14],"tags":[],"class_list":["post-1948","post","type-post","status-publish","format-standard","has-post-thumbnail","hentry","category-parana","category-regiao"],"_links":{"self":[{"href":"https:\/\/interessatb.com.br\/index.php?rest_route=\/wp\/v2\/posts\/1948","targetHints":{"allow":["GET"]}}],"collection":[{"href":"https:\/\/interessatb.com.br\/index.php?rest_route=\/wp\/v2\/posts"}],"about":[{"href":"https:\/\/interessatb.com.br\/index.php?rest_route=\/wp\/v2\/types\/post"}],"author":[{"embeddable":true,"href":"https:\/\/interessatb.com.br\/index.php?rest_route=\/wp\/v2\/users\/1"}],"replies":[{"embeddable":true,"href":"https:\/\/interessatb.com.br\/index.php?rest_route=%2Fwp%2Fv2%2Fcomments&post=1948"}],"version-history":[{"count":1,"href":"https:\/\/interessatb.com.br\/index.php?rest_route=\/wp\/v2\/posts\/1948\/revisions"}],"predecessor-version":[{"id":1952,"href":"https:\/\/interessatb.com.br\/index.php?rest_route=\/wp\/v2\/posts\/1948\/revisions\/1952"}],"wp:featuredmedia":[{"embeddable":true,"href":"https:\/\/interessatb.com.br\/index.php?rest_route=\/wp\/v2\/media\/1951"}],"wp:attachment":[{"href":"https:\/\/interessatb.com.br\/index.php?rest_route=%2Fwp%2Fv2%2Fmedia&parent=1948"}],"wp:term":[{"taxonomy":"category","embeddable":true,"href":"https:\/\/interessatb.com.br\/index.php?rest_route=%2Fwp%2Fv2%2Fcategories&post=1948"},{"taxonomy":"post_tag","embeddable":true,"href":"https:\/\/interessatb.com.br\/index.php?rest_route=%2Fwp%2Fv2%2Ftags&post=1948"}],"curies":[{"name":"wp","href":"https:\/\/api.w.org\/{rel}","templated":true}]}}