{"id":1954,"date":"2022-12-14T08:14:35","date_gmt":"2022-12-14T11:14:35","guid":{"rendered":"https:\/\/interessatb.com.br\/?p=1954"},"modified":"2022-12-22T07:47:50","modified_gmt":"2022-12-22T10:47:50","slug":"tb-conquista-medalhas-de-prata-e-bronze-no-mundial-de-jiu-jitsu-em-sao-paulo","status":"publish","type":"post","link":"https:\/\/interessatb.com.br\/?p=1954","title":{"rendered":"TB conquista medalhas de prata e bronze no Mundial de Jiu-Jitsu, em S\u00e3o Paulo"},"content":{"rendered":"\n<p>O Projeto Social Vencedores da Luta, de Tel\u00eamaco Borba, participou, no fim do m\u00eas de novembro, 27, no Gin\u00e1sio do Ibirapuera, em S\u00e3o Paulo, do Campeonato&nbsp; Mundial de Jiu-Jitsu, promovido pela CBJJE- Confedera\u00e7\u00e3o Brasileira de Jiu-Jitsu Esportivo, sobre a orienta\u00e7\u00e3o do professor Martinho Bueno e o instrutor Andrio Matias (Chumbo).<\/p>\n\n\n\n<p>O munic\u00edpio esteve representado por sete atletas, foram eles: Eyshela Hadassa (9 anos, faixa cinza), Alison Alex (12 anos, faixa amarela), Emylin Yasmim (11 anos, faixa amarela), Nicole Aparecida (12 anos, faixa branca), Murylo Silva (13 anos, faixa laranja), Endren Kauan (12 anos, faixa laranja) e Andrio Matias (31 anos, faixa marrom).<\/p>\n\n\n<div class=\"wp-block-image\">\n<figure class=\"alignleft size-full is-resized\"><img loading=\"lazy\" decoding=\"async\" src=\"https:\/\/interessatb.com.br\/wp-content\/uploads\/2022\/12\/image-2.png\" alt=\"\" class=\"wp-image-1956\" width=\"417\" height=\"278\" srcset=\"https:\/\/interessatb.com.br\/wp-content\/uploads\/2022\/12\/image-2.png 720w, https:\/\/interessatb.com.br\/wp-content\/uploads\/2022\/12\/image-2-300x200.png 300w\" sizes=\"auto, (max-width: 417px) 100vw, 417px\" \/><\/figure>\n<\/div>\n\n\n<p>Entre a delega\u00e7\u00e3o tel\u00eamaco-borbense se destacaram com premia\u00e7\u00e3o a pequena Eyshela, de apenas 9 anos, com a medalha de prata. O atleta Andrio Matias, de 31 anos, conquistou o bronze.<\/p>\n\n\n\n<p><strong>Veja tamb\u00e9m<\/strong><\/p>\n\n\n\n<p><a href=\"https:\/\/interessatb.com.br\/?p=1935\">Voleibol de Tel\u00eamaco Borba \u00e9 campe\u00e3o na 11\u00aa Copa Cidade de Ponta Grossa, maior torneio da regi\u00e3o<\/a><\/p>\n\n\n\n<p><a href=\"https:\/\/interessatb.com.br\/?p=1906\">Ari\u00e9ly Miranda conquista medalha de ouro no XLI Torneio Nacional de Gin\u00e1stica Art\u00edstica<\/a><\/p>\n\n\n\n<p><a href=\"https:\/\/interessatb.com.br\/?p=1948\">Fazenda divulga calend\u00e1rio do IPVA 2023 e disponibiliza mais op\u00e7\u00f5es para pagamento<\/a><\/p>\n\n\n\n<p>De acordo com o professor Martinho, trata-se de um projeto social em que as crian\u00e7as e adolescentes t\u00eam a oportunidade de desenvolvimento social&nbsp; esportivo&nbsp; usando a arte marcial do jiu-jitsu. O projeto \u00e9 vinculado com a Associa\u00e7\u00e3o Betel. \u201cE isso tudo s\u00f3 foi poss\u00edvel gra\u00e7as ao apoio da prefeitura e da secretaria de esportes de Tel\u00eamaco Borba que nos d\u00e1 o apoio&nbsp; e suporte&nbsp; necess\u00e1rios\u201d, finalizou.<\/p>\n\n\n<div class=\"wp-block-image\">\n<figure class=\"aligncenter size-full\"><img loading=\"lazy\" decoding=\"async\" width=\"563\" height=\"422\" src=\"https:\/\/interessatb.com.br\/wp-content\/uploads\/2022\/12\/image-3-edited.png\" alt=\"\" class=\"wp-image-1959\" srcset=\"https:\/\/interessatb.com.br\/wp-content\/uploads\/2022\/12\/image-3-edited.png 563w, https:\/\/interessatb.com.br\/wp-content\/uploads\/2022\/12\/image-3-edited-300x225.png 300w, https:\/\/interessatb.com.br\/wp-content\/uploads\/2022\/12\/image-3-edited-326x245.png 326w, https:\/\/interessatb.com.br\/wp-content\/uploads\/2022\/12\/image-3-edited-80x60.png 80w\" sizes=\"auto, (max-width: 563px) 100vw, 563px\" \/><\/figure>\n<\/div>\n\n\n<p>Fonte: <em>PMTB.<\/em><\/p>\n","protected":false},"excerpt":{"rendered":"<div class=\"mh-excerpt\"><p>O Projeto Social Vencedores da Luta, de Tel\u00eamaco Borba, participou, no fim do m\u00eas de novembro, 27, no Gin\u00e1sio do Ibirapuera, em S\u00e3o Paulo, do <a class=\"mh-excerpt-more\" href=\"https:\/\/interessatb.com.br\/?p=1954\" title=\"TB conquista medalhas de prata e bronze no Mundial de Jiu-Jitsu, em S\u00e3o Paulo\">[&#8230;]<\/a><\/p>\n<\/div>","protected":false},"author":1,"featured_media":1955,"comment_status":"closed","ping_status":"closed","sticky":false,"template":"","format":"standard","meta":{"footnotes":""},"categories":[2,7],"tags":[],"class_list":["post-1954","post","type-post","status-publish","format-standard","has-post-thumbnail","hentry","category-cidade","category-esporte"],"_links":{"self":[{"href":"https:\/\/interessatb.com.br\/index.php?rest_route=\/wp\/v2\/posts\/1954","targetHints":{"allow":["GET"]}}],"collection":[{"href":"https:\/\/interessatb.com.br\/index.php?rest_route=\/wp\/v2\/posts"}],"about":[{"href":"https:\/\/interessatb.com.br\/index.php?rest_route=\/wp\/v2\/types\/post"}],"author":[{"embeddable":true,"href":"https:\/\/interessatb.com.br\/index.php?rest_route=\/wp\/v2\/users\/1"}],"replies":[{"embeddable":true,"href":"https:\/\/interessatb.com.br\/index.php?rest_route=%2Fwp%2Fv2%2Fcomments&post=1954"}],"version-history":[{"count":3,"href":"https:\/\/interessatb.com.br\/index.php?rest_route=\/wp\/v2\/posts\/1954\/revisions"}],"predecessor-version":[{"id":1981,"href":"https:\/\/interessatb.com.br\/index.php?rest_route=\/wp\/v2\/posts\/1954\/revisions\/1981"}],"wp:featuredmedia":[{"embeddable":true,"href":"https:\/\/interessatb.com.br\/index.php?rest_route=\/wp\/v2\/media\/1955"}],"wp:attachment":[{"href":"https:\/\/interessatb.com.br\/index.php?rest_route=%2Fwp%2Fv2%2Fmedia&parent=1954"}],"wp:term":[{"taxonomy":"category","embeddable":true,"href":"https:\/\/interessatb.com.br\/index.php?rest_route=%2Fwp%2Fv2%2Fcategories&post=1954"},{"taxonomy":"post_tag","embeddable":true,"href":"https:\/\/interessatb.com.br\/index.php?rest_route=%2Fwp%2Fv2%2Ftags&post=1954"}],"curies":[{"name":"wp","href":"https:\/\/api.w.org\/{rel}","templated":true}]}}