{"id":1962,"date":"2022-12-14T08:43:35","date_gmt":"2022-12-14T11:43:35","guid":{"rendered":"https:\/\/interessatb.com.br\/?p=1962"},"modified":"2022-12-22T07:48:33","modified_gmt":"2022-12-22T10:48:33","slug":"abertas-inscricoes-para-estudantes-de-outras-instituicoes-que-desejam-estudar-no-ifpr-ou-portadores-de-diploma-de-cursos-superiores","status":"publish","type":"post","link":"https:\/\/interessatb.com.br\/?p=1962","title":{"rendered":"Abertas inscri\u00e7\u00f5es para estudantes de outras institui\u00e7\u00f5es ou portadores de diploma de cursos superiores que desejam estudar no IFPR"},"content":{"rendered":"\n<p>Estudantes de cursos t\u00e9cnicos de n\u00edvel m\u00e9dio ou de cursos superiores equivalentes, que estejam cursando em outras institui\u00e7\u00f5es regulares de ensino, podem pleitear uma vaga no IFPR Campus de Tel\u00eamaco Borba desde o dia 13 de dezembro. O prazo para inscri\u00e7\u00e3o da candidatura \u00e0s vagas vai at\u00e9 o dia 20 de janeiro de 2023.<\/p>\n\n\n\n<p>Existem tr\u00eas formas de transfer\u00eancias poss\u00edveis: a transfer\u00eancia interna, quando estudantes do IFPR tem a possibilidade de mudar de curso; a transfer\u00eancia externa, quando \u00e9 disponibilizada para estudante matriculado em curso de gradua\u00e7\u00e3o de outras institui\u00e7\u00f5es de ensino para ingresso em curso de mesmo n\u00edvel a partir do 2\u00ba (segundo) per\u00edodo letivo do curso, seguindo os crit\u00e9rios divulgados nos editais para <a href=\"https:\/\/telemaco.ifpr.edu.br\/wp-content\/uploads\/2022\/12\/Edital-Transfer%C3%AAncia-2023.1-T%C3%A9cnico.pdf\">estudantes de n\u00edvel m\u00e9dio<\/a> e para o ingresso de <a href=\"https:\/\/telemaco.ifpr.edu.br\/wp-content\/uploads\/2022\/12\/Edital-Transfer%C3%AAncia-2023.1-Gradua%C3%A7%C3%A3o-1.pdf\">estudantes de gradua\u00e7\u00e3o<\/a>; e para portadores de diploma de gradua\u00e7\u00e3o, a partir do 2\u00ba (segundo) per\u00edodo letivo do curso, mediante a exist\u00eancia de vaga, conforme o edital.<\/p>\n\n\n\n<p><strong>Veja tamb\u00e9m<\/strong><\/p>\n\n\n\n<p><a href=\"https:\/\/interessatb.com.br\/?p=1954\">TB conquista medalhas de prata e bronze no Mundial de Jiu-Jitsu, em S\u00e3o Paulo<\/a><\/p>\n\n\n\n<p><a href=\"https:\/\/interessatb.com.br\/?p=1840\">Escola Conselheiro Zacarias realizou neste s\u00e1bado a 1\u00aa Mostra Cultural \u201cMinha Escola L\u00ea\u201d<\/a><\/p>\n\n\n\n<p>Caber\u00e1 ao N\u00facleo Docente Estruturante de cada curso ou ao Colegiado do Curso do IFPR realizar a an\u00e1lise da documenta\u00e7\u00e3o apresentada e classificar os candidatos. A rela\u00e7\u00e3o completa dos documentos exigidos pode ser encontrada nos editais.<\/p>\n\n\n\n<p>O resultado definitivo do processo seletivo simplificado ser\u00e3o publicados na <a href=\"https:\/\/telemaco.ifpr.edu.br\">p\u00e1gina eletr\u00f4nica do campus<\/a> e afixados em mural da secretaria acad\u00eamica do campus, no dia 17 de fevereiro de 2023.<\/p>\n","protected":false},"excerpt":{"rendered":"<div class=\"mh-excerpt\"><p>Estudantes de cursos t\u00e9cnicos de n\u00edvel m\u00e9dio ou de cursos superiores equivalentes, que estejam cursando em outras institui\u00e7\u00f5es regulares de ensino, podem pleitear uma vaga <a class=\"mh-excerpt-more\" href=\"https:\/\/interessatb.com.br\/?p=1962\" title=\"Abertas inscri\u00e7\u00f5es para estudantes de outras institui\u00e7\u00f5es ou portadores de diploma de cursos superiores que desejam estudar no IFPR\">[&#8230;]<\/a><\/p>\n<\/div>","protected":false},"author":1,"featured_media":1634,"comment_status":"closed","ping_status":"closed","sticky":false,"template":"","format":"standard","meta":{"footnotes":""},"categories":[5,14],"tags":[],"class_list":["post-1962","post","type-post","status-publish","format-standard","has-post-thumbnail","hentry","category-educacao","category-regiao"],"_links":{"self":[{"href":"https:\/\/interessatb.com.br\/index.php?rest_route=\/wp\/v2\/posts\/1962","targetHints":{"allow":["GET"]}}],"collection":[{"href":"https:\/\/interessatb.com.br\/index.php?rest_route=\/wp\/v2\/posts"}],"about":[{"href":"https:\/\/interessatb.com.br\/index.php?rest_route=\/wp\/v2\/types\/post"}],"author":[{"embeddable":true,"href":"https:\/\/interessatb.com.br\/index.php?rest_route=\/wp\/v2\/users\/1"}],"replies":[{"embeddable":true,"href":"https:\/\/interessatb.com.br\/index.php?rest_route=%2Fwp%2Fv2%2Fcomments&post=1962"}],"version-history":[{"count":8,"href":"https:\/\/interessatb.com.br\/index.php?rest_route=\/wp\/v2\/posts\/1962\/revisions"}],"predecessor-version":[{"id":1971,"href":"https:\/\/interessatb.com.br\/index.php?rest_route=\/wp\/v2\/posts\/1962\/revisions\/1971"}],"wp:featuredmedia":[{"embeddable":true,"href":"https:\/\/interessatb.com.br\/index.php?rest_route=\/wp\/v2\/media\/1634"}],"wp:attachment":[{"href":"https:\/\/interessatb.com.br\/index.php?rest_route=%2Fwp%2Fv2%2Fmedia&parent=1962"}],"wp:term":[{"taxonomy":"category","embeddable":true,"href":"https:\/\/interessatb.com.br\/index.php?rest_route=%2Fwp%2Fv2%2Fcategories&post=1962"},{"taxonomy":"post_tag","embeddable":true,"href":"https:\/\/interessatb.com.br\/index.php?rest_route=%2Fwp%2Fv2%2Ftags&post=1962"}],"curies":[{"name":"wp","href":"https:\/\/api.w.org\/{rel}","templated":true}]}}