{"id":1999,"date":"2022-12-22T08:08:49","date_gmt":"2022-12-22T11:08:49","guid":{"rendered":"https:\/\/interessatb.com.br\/?p=1999"},"modified":"2022-12-28T12:20:38","modified_gmt":"2022-12-28T15:20:38","slug":"telemaco-borba-promove-vacinacao-contra-a-covid-19-nesta-sexta-23-em-todas-as-unidades-basicas-de-saude","status":"publish","type":"post","link":"https:\/\/interessatb.com.br\/?p=1999","title":{"rendered":"Tel\u00eamaco Borba promove vacina\u00e7\u00e3o contra a Covid-19 nesta sexta (23), em todas as Unidades B\u00e1sicas de Sa\u00fade"},"content":{"rendered":"\n<p>Em nota, a Secretaria Municipal de Sa\u00fade (SMS) informa que excepcionalmente nesta semana, a vacina\u00e7\u00e3o contra a Covid-19 acontecer\u00e1 na sexta-feira (23), das 09 \u00e0s 15 horas, nas Unidades B\u00e1sicas de Sa\u00fade (UBS).<\/p>\n\n\n\n<p>A vacina\u00e7\u00e3o estava prevista para ser aplicada na quinta-feira (22), por\u00e9m houve altera\u00e7\u00e3o na data inicialmente prevista para recebimento de novas doses. As doses que eram para chegar no dia 21, chegar\u00e3o hoje, 22, impossibilitando que a vacina\u00e7\u00e3o seja feita no mesmo dia, por quest\u00f5es de log\u00edstica.<\/p>\n\n\n\n<p><strong>Veja tamb\u00e9m<\/strong><\/p>\n\n\n\n<p><a href=\"https:\/\/interessatb.com.br\/?p=1919\">Munic\u00edpio de Castro adota novamente uso de m\u00e1scaras em estabelecimentos de sa\u00fade e ensino<\/a><\/p>\n\n\n\n<p><a href=\"https:\/\/interessatb.com.br\/?p=1995\">Hoje \u00e9 o \u00faltimo dia para inscri\u00e7\u00f5es no programa CASTRAPET, em Reserva<\/a><\/p>\n\n\n\n<p>A vacina\u00e7\u00e3o na sexta-feira abranger\u00e1 a primeira dose de refor\u00e7o (3\u00aa dose) para pessoas com 12 anos ou mais, e a segunda dose de refor\u00e7o (4\u00aa dose) para pessoas com 18 anos ou mais. \u00c9 importante que as pessoas que forem vacinar levem um documento pessoal e sua carteira de vacina\u00e7\u00e3o.<\/p>\n","protected":false},"excerpt":{"rendered":"<div class=\"mh-excerpt\"><p>Em nota, a Secretaria Municipal de Sa\u00fade (SMS) informa que excepcionalmente nesta semana, a vacina\u00e7\u00e3o contra a Covid-19 acontecer\u00e1 na sexta-feira (23), das 09 \u00e0s <a class=\"mh-excerpt-more\" href=\"https:\/\/interessatb.com.br\/?p=1999\" title=\"Tel\u00eamaco Borba promove vacina\u00e7\u00e3o contra a Covid-19 nesta sexta (23), em todas as Unidades B\u00e1sicas de Sa\u00fade\">[&#8230;]<\/a><\/p>\n<\/div>","protected":false},"author":1,"featured_media":2001,"comment_status":"closed","ping_status":"closed","sticky":false,"template":"","format":"standard","meta":{"footnotes":""},"categories":[2,15],"tags":[],"class_list":["post-1999","post","type-post","status-publish","format-standard","has-post-thumbnail","hentry","category-cidade","category-saude"],"_links":{"self":[{"href":"https:\/\/interessatb.com.br\/index.php?rest_route=\/wp\/v2\/posts\/1999","targetHints":{"allow":["GET"]}}],"collection":[{"href":"https:\/\/interessatb.com.br\/index.php?rest_route=\/wp\/v2\/posts"}],"about":[{"href":"https:\/\/interessatb.com.br\/index.php?rest_route=\/wp\/v2\/types\/post"}],"author":[{"embeddable":true,"href":"https:\/\/interessatb.com.br\/index.php?rest_route=\/wp\/v2\/users\/1"}],"replies":[{"embeddable":true,"href":"https:\/\/interessatb.com.br\/index.php?rest_route=%2Fwp%2Fv2%2Fcomments&post=1999"}],"version-history":[{"count":1,"href":"https:\/\/interessatb.com.br\/index.php?rest_route=\/wp\/v2\/posts\/1999\/revisions"}],"predecessor-version":[{"id":2002,"href":"https:\/\/interessatb.com.br\/index.php?rest_route=\/wp\/v2\/posts\/1999\/revisions\/2002"}],"wp:featuredmedia":[{"embeddable":true,"href":"https:\/\/interessatb.com.br\/index.php?rest_route=\/wp\/v2\/media\/2001"}],"wp:attachment":[{"href":"https:\/\/interessatb.com.br\/index.php?rest_route=%2Fwp%2Fv2%2Fmedia&parent=1999"}],"wp:term":[{"taxonomy":"category","embeddable":true,"href":"https:\/\/interessatb.com.br\/index.php?rest_route=%2Fwp%2Fv2%2Fcategories&post=1999"},{"taxonomy":"post_tag","embeddable":true,"href":"https:\/\/interessatb.com.br\/index.php?rest_route=%2Fwp%2Fv2%2Ftags&post=1999"}],"curies":[{"name":"wp","href":"https:\/\/api.w.org\/{rel}","templated":true}]}}