{"id":2011,"date":"2022-12-28T06:03:51","date_gmt":"2022-12-28T09:03:51","guid":{"rendered":"https:\/\/interessatb.com.br\/?p=2011"},"modified":"2022-12-28T06:04:03","modified_gmt":"2022-12-28T09:04:03","slug":"prefeitura-de-tibagi-realiza-show-da-virada-2023","status":"publish","type":"post","link":"https:\/\/interessatb.com.br\/?p=2011","title":{"rendered":"Prefeitura de Tibagi realiza show da virada 2023"},"content":{"rendered":"\n<p>A Prefeitura de Tibagi realiza no pr\u00f3ximo s\u00e1bado (31) o R\u00e9veillon 2023. O evento acontece na pra\u00e7a Edmundo Mercer a partir das 21h com tr\u00eas shows para animar as fam\u00edlias tibagianas e tamb\u00e9m os turistas.<\/p>\n\n\n\n<p>A abertura das apresenta\u00e7\u00f5es fica por conta da banda Ziriguidum, de Tibagi. Na sequ\u00eancia, o DJ tibagiano Dango vai animar a noite. Por fim, a banda G2 fecha com chave de ouro a programa\u00e7\u00e3o do final do ano do munic\u00edpio, que contou com diversas apresenta\u00e7\u00f5es culturais durante todo o m\u00eas de dezembro.<\/p>\n\n\n\n<p>De acordo com o Decreto 752\/2022, \u00e9 proibida a comercializa\u00e7\u00e3o e tamb\u00e9m o uso de garrafas de vidro durante o evento, por parte das pessoas que forem assistir aos shows . O consumo de bebidas em copos pl\u00e1sticos e latas de alum\u00ednio fica liberado.<\/p>\n","protected":false},"excerpt":{"rendered":"<div class=\"mh-excerpt\"><p>A Prefeitura de Tibagi realiza no pr\u00f3ximo s\u00e1bado (31) o R\u00e9veillon 2023. O evento acontece na pra\u00e7a Edmundo Mercer a partir das 21h com tr\u00eas <a class=\"mh-excerpt-more\" href=\"https:\/\/interessatb.com.br\/?p=2011\" title=\"Prefeitura de Tibagi realiza show da virada 2023\">[&#8230;]<\/a><\/p>\n<\/div>","protected":false},"author":1,"featured_media":2012,"comment_status":"closed","ping_status":"closed","sticky":false,"template":"","format":"standard","meta":{"footnotes":""},"categories":[14],"tags":[],"class_list":["post-2011","post","type-post","status-publish","format-standard","has-post-thumbnail","hentry","category-regiao"],"_links":{"self":[{"href":"https:\/\/interessatb.com.br\/index.php?rest_route=\/wp\/v2\/posts\/2011","targetHints":{"allow":["GET"]}}],"collection":[{"href":"https:\/\/interessatb.com.br\/index.php?rest_route=\/wp\/v2\/posts"}],"about":[{"href":"https:\/\/interessatb.com.br\/index.php?rest_route=\/wp\/v2\/types\/post"}],"author":[{"embeddable":true,"href":"https:\/\/interessatb.com.br\/index.php?rest_route=\/wp\/v2\/users\/1"}],"replies":[{"embeddable":true,"href":"https:\/\/interessatb.com.br\/index.php?rest_route=%2Fwp%2Fv2%2Fcomments&post=2011"}],"version-history":[{"count":1,"href":"https:\/\/interessatb.com.br\/index.php?rest_route=\/wp\/v2\/posts\/2011\/revisions"}],"predecessor-version":[{"id":2013,"href":"https:\/\/interessatb.com.br\/index.php?rest_route=\/wp\/v2\/posts\/2011\/revisions\/2013"}],"wp:featuredmedia":[{"embeddable":true,"href":"https:\/\/interessatb.com.br\/index.php?rest_route=\/wp\/v2\/media\/2012"}],"wp:attachment":[{"href":"https:\/\/interessatb.com.br\/index.php?rest_route=%2Fwp%2Fv2%2Fmedia&parent=2011"}],"wp:term":[{"taxonomy":"category","embeddable":true,"href":"https:\/\/interessatb.com.br\/index.php?rest_route=%2Fwp%2Fv2%2Fcategories&post=2011"},{"taxonomy":"post_tag","embeddable":true,"href":"https:\/\/interessatb.com.br\/index.php?rest_route=%2Fwp%2Fv2%2Ftags&post=2011"}],"curies":[{"name":"wp","href":"https:\/\/api.w.org\/{rel}","templated":true}]}}