{"id":2063,"date":"2023-01-22T11:29:58","date_gmt":"2023-01-22T14:29:58","guid":{"rendered":"https:\/\/interessatb.com.br\/?p=2063"},"modified":"2023-01-22T11:30:59","modified_gmt":"2023-01-22T14:30:59","slug":"uepg-ira-ofertar-cursos-tecnologos-em-ortigueira","status":"publish","type":"post","link":"https:\/\/interessatb.com.br\/?p=2063","title":{"rendered":"UEPG ir\u00e1 ofertar cursos tecn\u00f3logos em Ortigueira"},"content":{"rendered":"\n<p>A Universidade Estadual de Ponta Grossa (UEPG) estuda a oferta de tr\u00eas cursos tecn\u00f3logos em Ortigueira. Os cursos de Gest\u00e3o em Sa\u00fade P\u00fablica, Tecnologia da Informa\u00e7\u00e3o e Edifica\u00e7\u00f5es ser\u00e3o ofertados a dist\u00e2ncia, no polo da Universidade Aberta do Brasil (UAB), a partir de uma parceria entre UEPG, Secretaria de Ci\u00eancia, Tecnologia e Ensino Superior (Seti-PR) e Prefeitura de Ortigueira.<\/p>\n\n\n\n<p>O reitor em exerc\u00edcio da UEPG, professor Ivo Mottin Demiate, explica que a iniciativa partiu de uma demanda do munic\u00edpio, intermediada pelo deputado estadual Hussein Bakri. \u201cHouve manifesta\u00e7\u00e3o por parte do munic\u00edpio de Ortigueira da necessidade de cursos em \u00e1reas estrat\u00e9gicas para o desenvolvimento econ\u00f4mico e social dos seus habitantes. A popula\u00e7\u00e3o local precisa se beneficiar desse desenvolvimento\u201d, aponta. \u201cA UEPG far\u00e1 os encaminhamentos necess\u00e1rios para a proposi\u00e7\u00e3o dos projetos de cursos, com a discuss\u00e3o entre os envolvidos no \u00e2mbito institucional e os departamentos de ensino para que sejam viabilizadas as ofertas durante o corrente ano\u201d. <\/p>\n\n\n\n<p>Ap\u00f3s a oficializa\u00e7\u00e3o das propostas, comiss\u00f5es v\u00e3o definir o conte\u00fado, formatos e n\u00famero de vagas dos cursos. Demiate destaca ainda a experi\u00eancia do N\u00facleo de Tecnologia e Educa\u00e7\u00e3o Aberta e a Dist\u00e2ncia (Nutead-UEPG) na oferta de cursos de gradua\u00e7\u00e3o nesta categoria.<\/p>\n\n\n\n<p><strong>Veja tamb\u00e9m<\/strong><\/p>\n\n\n\n<p><a href=\"https:\/\/interessatb.com.br\/?p=2056\">Governo do estado lan\u00e7a novo edital para explora\u00e7\u00e3o do turismo no Parque Guartel\u00e1<\/a><\/p>\n\n\n\n<p><a href=\"https:\/\/interessatb.com.br\/?p=2053\">Distrito Industrial ter\u00e1 abastecimento de \u00e1gua afetado neste dia 24, segundo Sanepar<\/a><\/p>\n\n\n\n<p>\u201cQueremos preparar m\u00e3o de obra para o mercado de trabalho, nas \u00e1reas que est\u00e3o deficit\u00e1rias e a partir das voca\u00e7\u00f5es que o munic\u00edpio tem\u201d, explica o secret\u00e1rio de governo de Ortigueira, \u00c1lvaro Mattos. Os cursos tecn\u00f3logos s\u00e3o cursos de gradua\u00e7\u00e3o, de n\u00edvel superior, voltados para a forma\u00e7\u00e3o profissional r\u00e1pida (2 anos e meio). Com uma grade curricular mais voltada \u00e0s disciplinas t\u00e9cnicas e pr\u00e1ticas, esses cursos oferecem uma resposta r\u00e1pida \u00e0s demandas do mercado de trabalho.<\/p>\n\n\n\n<p>O secret\u00e1rio de Ci\u00eancia, Tecnologia e Ensino Superior do Paran\u00e1, professor Aldo Bona, destacou a import\u00e2ncia da iniciativa para o desenvolvimento regional. Segundo ele, oferecer cursos fora de sede faz parte das orienta\u00e7\u00f5es do Governo do Paran\u00e1 para as Universidades Estaduais. \u201cEssa oferta permite diversificar oportunidades de forma\u00e7\u00e3o superior em regi\u00f5es em que n\u00e3o h\u00e1 ainda atua\u00e7\u00e3o de institui\u00e7\u00f5es de ensino superior p\u00fablico, em \u00e1reas de demandas de profissionais que s\u00e3o extremamente importantes, sintonizadas com as demandas de desenvolvimento regional\u201d, completa.<\/p>\n\n\n\n<p>O prefeito de Ortigueira, Ary Mattos, assinala que a cidade tem crescido e se modificado bastante nos \u00faltimos anos. \u201cOrtigueira est\u00e1 se reconstruindo, em um momento de expans\u00e3o\u201d, aponta. Al\u00e9m disso, o munic\u00edpio se moderniza, com uma alta demanda por profissionais da Inform\u00e1tica. As reuni\u00f5es para debater a oferta dos cursos tecn\u00f3logos em Ortigueira tiveram in\u00edcio em novembro, com uma visita \u00e0 Ortigueira.<\/p>\n\n\n\n<blockquote class=\"wp-block-quote is-layout-flow wp-block-quote-is-layout-flow\">\n<p>Texto e fotos: <em>Aline Jasper\/UEPG<\/em><\/p>\n<\/blockquote>\n","protected":false},"excerpt":{"rendered":"<div class=\"mh-excerpt\"><p>A Universidade Estadual de Ponta Grossa (UEPG) estuda a oferta de tr\u00eas cursos tecn\u00f3logos em Ortigueira. Os cursos de Gest\u00e3o em Sa\u00fade P\u00fablica, Tecnologia da <a class=\"mh-excerpt-more\" href=\"https:\/\/interessatb.com.br\/?p=2063\" title=\"UEPG ir\u00e1 ofertar cursos tecn\u00f3logos em Ortigueira\">[&#8230;]<\/a><\/p>\n<\/div>","protected":false},"author":1,"featured_media":2064,"comment_status":"closed","ping_status":"closed","sticky":false,"template":"","format":"standard","meta":{"footnotes":""},"categories":[18,5,14],"tags":[],"class_list":["post-2063","post","type-post","status-publish","format-standard","has-post-thumbnail","hentry","category-ciencia-e-tecnologia","category-educacao","category-regiao"],"_links":{"self":[{"href":"https:\/\/interessatb.com.br\/index.php?rest_route=\/wp\/v2\/posts\/2063","targetHints":{"allow":["GET"]}}],"collection":[{"href":"https:\/\/interessatb.com.br\/index.php?rest_route=\/wp\/v2\/posts"}],"about":[{"href":"https:\/\/interessatb.com.br\/index.php?rest_route=\/wp\/v2\/types\/post"}],"author":[{"embeddable":true,"href":"https:\/\/interessatb.com.br\/index.php?rest_route=\/wp\/v2\/users\/1"}],"replies":[{"embeddable":true,"href":"https:\/\/interessatb.com.br\/index.php?rest_route=%2Fwp%2Fv2%2Fcomments&post=2063"}],"version-history":[{"count":2,"href":"https:\/\/interessatb.com.br\/index.php?rest_route=\/wp\/v2\/posts\/2063\/revisions"}],"predecessor-version":[{"id":2066,"href":"https:\/\/interessatb.com.br\/index.php?rest_route=\/wp\/v2\/posts\/2063\/revisions\/2066"}],"wp:featuredmedia":[{"embeddable":true,"href":"https:\/\/interessatb.com.br\/index.php?rest_route=\/wp\/v2\/media\/2064"}],"wp:attachment":[{"href":"https:\/\/interessatb.com.br\/index.php?rest_route=%2Fwp%2Fv2%2Fmedia&parent=2063"}],"wp:term":[{"taxonomy":"category","embeddable":true,"href":"https:\/\/interessatb.com.br\/index.php?rest_route=%2Fwp%2Fv2%2Fcategories&post=2063"},{"taxonomy":"post_tag","embeddable":true,"href":"https:\/\/interessatb.com.br\/index.php?rest_route=%2Fwp%2Fv2%2Ftags&post=2063"}],"curies":[{"name":"wp","href":"https:\/\/api.w.org\/{rel}","templated":true}]}}