{"id":2086,"date":"2023-02-05T10:23:00","date_gmt":"2023-02-05T13:23:00","guid":{"rendered":"https:\/\/interessatb.com.br\/?p=2086"},"modified":"2023-02-17T09:45:55","modified_gmt":"2023-02-17T12:45:55","slug":"guarda-mirim-abre-inscricoes-do-programa-aprenda-fazendo-para-selecao-de-adolescentes-e-jovens","status":"publish","type":"post","link":"https:\/\/interessatb.com.br\/?p=2086","title":{"rendered":"Guarda Mirim abre inscri\u00e7\u00f5es do Programa Aprenda Fazendo para sele\u00e7\u00e3o de adolescentes e jovens"},"content":{"rendered":"\n<p>A Associa\u00e7\u00e3o Educacional Fanuel &#8211; &#8220;Guarda Mirim de Tel\u00eamaco Borba&#8221; divulgou esta semana o Edital do processo seletivo para ingresso no Programa Aprender Fazendo, da institui\u00e7\u00e3o. Inscri\u00e7\u00f5es ser\u00e3o aceitas at\u00e9 o dia 24 de fevereiro de 2023 e s\u00f3 podem ser realizadas na sede da institui\u00e7\u00e3o, localizada na Av. Oz\u00f3rio de Almeida Taques, n\u00ba 520.<\/p>\n\n\n\n<p>Para se inscrever, o candidato dever\u00e1 ter no m\u00ednimo14 (quatorze) anos completos e no m\u00e1ximo 22 anos completos, at\u00e9 o dia 24\/02\/2023. Ser\u00e3o aceitos candidatos de ambos os sexos, que precisam estar cursando no m\u00ednimo o 7\u00ba (s\u00e9timo) ano do Ensino Fundamental. As fichas de inscri\u00e7\u00e3o precisam ser retiradas na sede da entidade.<\/p>\n\n\n\n<p><strong>Veja tamb\u00e9m<\/strong><\/p>\n\n\n\n<p><a href=\"https:\/\/interessatb.com.br\/?p=2029\">Prefeitura de TB divulga programa REFIS com desconto de at\u00e9 90% sobre juros e multas<\/a><\/p>\n\n\n\n<p><a href=\"https:\/\/interessatb.com.br\/?p=2082\">Prefeitura de Reserva oferta vagas para estagi\u00e1rios com idade a partir de 16 anos<\/a><\/p>\n\n\n\n<p>Os candidatos que tiverem suas inscri\u00e7\u00f5es deferidas, far\u00e3o um teste seletivo no dia 28 de fevereiro ou 01 de mar\u00e7o, definidos pelo n\u00famero de ordem das fichas de inscri\u00e7\u00e3o. S\u00e3o ofertadas 40 vagas para o per\u00edodo da manh\u00e3 e 40 vagas para o per\u00edodo da tarde, ficando 40 vagas para cadastro de reserva.<\/p>\n\n\n\n<p>Para a inscri\u00e7\u00e3o o candidato dever\u00e1 apresentar a ficha de inscri\u00e7\u00e3o preenchida, declara\u00e7\u00e3o de matr\u00edcula e frequ\u00eancia escolar e documento pessoal com foto. Candidatos que conclu\u00edram o Ensino M\u00e9dio devem apresentar declara\u00e7\u00e3o de conclus\u00e3o ou hist\u00f3rico escolar.<\/p>\n\n\n\n<p>Maiores informa\u00e7\u00f5es sobre o Edital 01\/2023 podem ser encontradas pela internet, <a href=\"https:\/\/www.guardamirim.org.br\/index.php?page=editais\">neste link<\/a>, pelos fones (42) 3272-9478, (42) 3904-1617, (42) 99849-0007 e (42) 98422-7568, ou diretamente na sede da entidade na Av. Oz\u00f3rio de Almeida Taques, n\u00ba 520, pr\u00f3ximo ao Detran.<\/p>\n","protected":false},"excerpt":{"rendered":"<div class=\"mh-excerpt\"><p>A Associa\u00e7\u00e3o Educacional Fanuel &#8211; &#8220;Guarda Mirim de Tel\u00eamaco Borba&#8221; divulgou esta semana o Edital do processo seletivo para ingresso no Programa Aprender Fazendo, da <a class=\"mh-excerpt-more\" href=\"https:\/\/interessatb.com.br\/?p=2086\" title=\"Guarda Mirim abre inscri\u00e7\u00f5es do Programa Aprenda Fazendo para sele\u00e7\u00e3o de adolescentes e jovens\">[&#8230;]<\/a><\/p>\n<\/div>","protected":false},"author":1,"featured_media":2087,"comment_status":"closed","ping_status":"closed","sticky":false,"template":"","format":"standard","meta":{"footnotes":""},"categories":[2,5],"tags":[],"class_list":["post-2086","post","type-post","status-publish","format-standard","has-post-thumbnail","hentry","category-cidade","category-educacao"],"_links":{"self":[{"href":"https:\/\/interessatb.com.br\/index.php?rest_route=\/wp\/v2\/posts\/2086","targetHints":{"allow":["GET"]}}],"collection":[{"href":"https:\/\/interessatb.com.br\/index.php?rest_route=\/wp\/v2\/posts"}],"about":[{"href":"https:\/\/interessatb.com.br\/index.php?rest_route=\/wp\/v2\/types\/post"}],"author":[{"embeddable":true,"href":"https:\/\/interessatb.com.br\/index.php?rest_route=\/wp\/v2\/users\/1"}],"replies":[{"embeddable":true,"href":"https:\/\/interessatb.com.br\/index.php?rest_route=%2Fwp%2Fv2%2Fcomments&post=2086"}],"version-history":[{"count":4,"href":"https:\/\/interessatb.com.br\/index.php?rest_route=\/wp\/v2\/posts\/2086\/revisions"}],"predecessor-version":[{"id":2092,"href":"https:\/\/interessatb.com.br\/index.php?rest_route=\/wp\/v2\/posts\/2086\/revisions\/2092"}],"wp:featuredmedia":[{"embeddable":true,"href":"https:\/\/interessatb.com.br\/index.php?rest_route=\/wp\/v2\/media\/2087"}],"wp:attachment":[{"href":"https:\/\/interessatb.com.br\/index.php?rest_route=%2Fwp%2Fv2%2Fmedia&parent=2086"}],"wp:term":[{"taxonomy":"category","embeddable":true,"href":"https:\/\/interessatb.com.br\/index.php?rest_route=%2Fwp%2Fv2%2Fcategories&post=2086"},{"taxonomy":"post_tag","embeddable":true,"href":"https:\/\/interessatb.com.br\/index.php?rest_route=%2Fwp%2Fv2%2Ftags&post=2086"}],"curies":[{"name":"wp","href":"https:\/\/api.w.org\/{rel}","templated":true}]}}