{"id":211,"date":"2021-08-08T12:07:34","date_gmt":"2021-08-08T15:07:34","guid":{"rendered":"https:\/\/interessatb.com.br\/?p=211"},"modified":"2022-08-21T11:20:21","modified_gmt":"2022-08-21T14:20:21","slug":"telemaco-borba-apresenta-pela-primeira-vez-mais-recuperados-da-covid-19-que-o-numero-de-casos-registrados-este-ano","status":"publish","type":"post","link":"https:\/\/interessatb.com.br\/?p=211","title":{"rendered":"Tel\u00eamaco Borba apresenta pela primeira vez mais recuperados da COVID-19 que o n\u00famero de casos registrados este ano"},"content":{"rendered":"\n<p>2021 ser\u00e1 marcado no munic\u00edpio como um ano pesaroso pelo sofrimento causado pela pandemia, mas os n\u00fameros apontam para uma tend\u00eancia de queda. Segundo dados fornecidos pela Secretaria da Sa\u00fade do Paran\u00e1, o n\u00famero de casos chegou a 2006 em janeiro e atingiu o seu \u00e1pice em junho quando 2102 casos foram registrados.<\/p>\n\n\n\n<p>Em julho o munic\u00edpio apresentou o menor n\u00famero de casos confirmado no ano, e o n\u00famero de pacientes recuperados superou o n\u00famero de casos, conforme pode ser observado no gr\u00e1fico. Com o n\u00famero de casos em queda a press\u00e3o sobre a infraestrutura de atendimento arrefeceu, aliviando o sistema de sa\u00fade.<\/p>\n\n\n\n<p>Ainda n\u00e3o \u00e9 o momento de comemorar, pois os casos de \u00f3bito em julho foram mais que o dobro dos registados em janeiro, embora apresentem leve tend\u00eancia de queda neste \u00faltimo m\u00eas. Portanto as medidas prescritas pelos agentes de sa\u00fade sobre o respeito ao distanciamento social sempre que poss\u00edvel, a higieniza\u00e7\u00e3o das m\u00e3os com sab\u00e3o ou \u00e1lcool em gel e o uso de m\u00e1scaras ainda \u00e9 necess\u00e1rio. O ritmo de vacina\u00e7\u00e3o permanece ditado pelas doses que chegam aos poucos e neste momento e o munic\u00edpio j\u00e1 est\u00e1 vacinando pessoas com 32 anos ou mais, mas todos devem procurar a vacina, pois s\u00f3 assim a curva de casos graves reduzir\u00e1 drasticamente.<\/p>\n\n\n<div class=\"wp-block-image\">\n<figure class=\"alignleft size-full\"><img loading=\"lazy\" decoding=\"async\" width=\"300\" height=\"250\" src=\"http:\/\/interessatb.com.br\/wp-content\/uploads\/2022\/03\/baixa_resolucao_castelo.png\" alt=\"\" class=\"wp-image-987\"\/><\/figure>\n<\/div>\n\n\n<p><strong>Ver mais<\/strong><\/p>\n\n\n\n<p><a href=\"https:\/\/interessatb.com.br\/2021\/08\/02\/medidas-restritivas-mais-brandas-contra-covid-19-em-novo-decreto-municipal\/\">Medidas restritivas mais brandas contra Covid-19 em novo decreto municipal<\/a><\/p>\n\n\n\n<p><a href=\"https:\/\/interessatb.com.br\/2021\/07\/31\/com-novo-decreto-parana-diminui-restricoes-no-combate-a-covid-19\/\">Com novo decreto, Paran\u00e1 diminui restri\u00e7\u00f5es no combate \u00e0 Covid-19<\/a><\/p>\n\n\n\n<p>O <a href=\"http:\/\/www.telemacoborba.pr.gov.br\/informacoes\/boletim-oficial\/14835-edicao-1774.html\">novo decreto municipal<\/a> flexibilizou algumas restri\u00e7\u00f5es, mas ainda est\u00e1 distante da normalidade. Acelerar este retorno depender\u00e1 do comportamento coletivo em rela\u00e7\u00e3o ao enfrentamento da doen\u00e7a.<\/p>\n","protected":false},"excerpt":{"rendered":"<div class=\"mh-excerpt\"><p>2021 ser\u00e1 marcado no munic\u00edpio como um ano pesaroso pelo sofrimento causado pela pandemia, mas os n\u00fameros apontam para uma tend\u00eancia de queda. Segundo dados <a class=\"mh-excerpt-more\" href=\"https:\/\/interessatb.com.br\/?p=211\" title=\"Tel\u00eamaco Borba apresenta pela primeira vez mais recuperados da COVID-19 que o n\u00famero de casos registrados este ano\">[&#8230;]<\/a><\/p>\n<\/div>","protected":false},"author":1,"featured_media":1263,"comment_status":"closed","ping_status":"closed","sticky":false,"template":"","format":"standard","meta":{"footnotes":""},"categories":[2,15],"tags":[],"class_list":["post-211","post","type-post","status-publish","format-standard","has-post-thumbnail","hentry","category-cidade","category-saude"],"_links":{"self":[{"href":"https:\/\/interessatb.com.br\/index.php?rest_route=\/wp\/v2\/posts\/211","targetHints":{"allow":["GET"]}}],"collection":[{"href":"https:\/\/interessatb.com.br\/index.php?rest_route=\/wp\/v2\/posts"}],"about":[{"href":"https:\/\/interessatb.com.br\/index.php?rest_route=\/wp\/v2\/types\/post"}],"author":[{"embeddable":true,"href":"https:\/\/interessatb.com.br\/index.php?rest_route=\/wp\/v2\/users\/1"}],"replies":[{"embeddable":true,"href":"https:\/\/interessatb.com.br\/index.php?rest_route=%2Fwp%2Fv2%2Fcomments&post=211"}],"version-history":[{"count":2,"href":"https:\/\/interessatb.com.br\/index.php?rest_route=\/wp\/v2\/posts\/211\/revisions"}],"predecessor-version":[{"id":1264,"href":"https:\/\/interessatb.com.br\/index.php?rest_route=\/wp\/v2\/posts\/211\/revisions\/1264"}],"wp:featuredmedia":[{"embeddable":true,"href":"https:\/\/interessatb.com.br\/index.php?rest_route=\/wp\/v2\/media\/1263"}],"wp:attachment":[{"href":"https:\/\/interessatb.com.br\/index.php?rest_route=%2Fwp%2Fv2%2Fmedia&parent=211"}],"wp:term":[{"taxonomy":"category","embeddable":true,"href":"https:\/\/interessatb.com.br\/index.php?rest_route=%2Fwp%2Fv2%2Fcategories&post=211"},{"taxonomy":"post_tag","embeddable":true,"href":"https:\/\/interessatb.com.br\/index.php?rest_route=%2Fwp%2Fv2%2Ftags&post=211"}],"curies":[{"name":"wp","href":"https:\/\/api.w.org\/{rel}","templated":true}]}}