{"id":2148,"date":"2023-02-22T07:33:08","date_gmt":"2023-02-22T10:33:08","guid":{"rendered":"https:\/\/interessatb.com.br\/?p=2148"},"modified":"2023-02-22T07:34:24","modified_gmt":"2023-02-22T10:34:24","slug":"segunda-parcela-do-ipva-2023-dos-veiculos-com-finais-de-placas-5-e-6-vence-nesta-quarta-22","status":"publish","type":"post","link":"https:\/\/interessatb.com.br\/?p=2148","title":{"rendered":"Segunda parcela do IPVA 2023 dos ve\u00edculos com finais de placas 5 e 6 vence nesta quarta, 22"},"content":{"rendered":"\n<p>Os contribuintes com ve\u00edculos de placas com finais 5 e 6 devem pagar a segunda parcela do Imposto sobre Propriedade de Ve\u00edculos Automotores &#8211; IPVA at\u00e9 esta quarta-feira (22). A guia pode ser emitida pelo portal da Secretaria de Estado da Fazenda (Sefa), <a href=\"https:\/\/www.contribuinte.fazenda.pr.gov.br\/ipva\/faces\/home;jsessionid=U7t4rEsDdquZCSzzq2pvm1pl7AqCwZ-9CwjhmkQR9ltnRoyvIpaQ!-1644531188\">aqui<\/a>. <\/p>\n\n\n\n<p>No aplicativo Servi\u00e7os R\u00e1pidos da Receita Estadual e no site da Fazenda Estadual \u00e9 poss\u00edvel pagar as parcelas (sem desconto) ou com cart\u00e3o de cr\u00e9dito, que permite parcelar o valor do imposto em at\u00e9 12 vezes, com juros. O pagamento pode ser feito, tamb\u00e9m, por meio da Guia de Recolhimento com QRCode via PIX, o que garante mais facilidade para os contribuintes. A quita\u00e7\u00e3o pode ser realizada nos canais eletr\u00f4nicos de qualquer institui\u00e7\u00e3o banc\u00e1ria, n\u00e3o se restringindo \u00e0s conveniadas com o Estado.<\/p>\n\n\n\n<p><strong>Veja tamb\u00e9m<\/strong><\/p>\n\n\n\n<p><a href=\"https:\/\/interessatb.com.br\/?p=2119\">Tel\u00eamaco Borba recebe o Rally Transparan\u00e1 2023 nesta quinta, 23, maior rally de regularidades das Am\u00e9ricas<\/a><\/p>\n\n\n\n<p><a href=\"https:\/\/interessatb.com.br\/?p=2128\">Pequenos produtores rurais recebem apoio do executivo municipal<\/a><\/p>\n\n\n\n<p>A al\u00edquota do tributo \u00e9 de 3,5% ou 1% do valor do ve\u00edculo, dependendo do tipo. Propriet\u00e1rios que n\u00e3o pagarem o imposto nos prazos definidos ter\u00e3o multa de at\u00e9 10% por parcela atrasada e os valores devidos sofrer\u00e3o acr\u00e9scimo de juros pela varia\u00e7\u00e3o da Selic. Tamb\u00e9m \u00e9 poss\u00edvel parcelar os d\u00e9bitos de IPVA de exerc\u00edcios anteriores.<\/p>\n\n\n\n<p>Neste ano, a Secretaria da Fazenda e a Receita Estadual registraram o pagamento (total ou parcial) de 2,59 milh\u00f5es de contribuintes. Ao todo, entre a quita\u00e7\u00e3o \u00e0 vista ou primeira parcela foram recolhidos no primeiro m\u00eas do ano R$ 2,2 bilh\u00f5es. O valor lan\u00e7ado do imposto para 2023 \u00e9 de aproximadamente R$ 6 bilh\u00f5es para mais de 4,6 milh\u00f5es de ve\u00edculos tributados.<\/p>\n\n\n\n<p><strong>Confira o calend\u00e1rio de vencimento do IPVA &#8211; 2023:<\/strong><\/p>\n\n\n\n<p>1 e 2 \u2013&nbsp;&nbsp;19\/01 (vencida), 16\/02 (vencida), 20\/03, 17\/04, 18\/05&nbsp;&nbsp;<\/p>\n\n\n\n<p>3 e 4 \u2013&nbsp;&nbsp;20\/01 (vencida), 17\/02 (vencida), 21\/03, 18\/04, 19\/05&nbsp;&nbsp;<\/p>\n\n\n\n<p>5 e 6 \u2013&nbsp;&nbsp;23\/01 (vencida), 22\/02, 22\/03, 19\/04, 22\/05&nbsp;&nbsp;<\/p>\n\n\n\n<p>7 e 8 \u2013&nbsp;&nbsp;24\/01 (vencida), 23\/02, 23\/03, 20\/04, 23\/05&nbsp;&nbsp;<\/p>\n\n\n\n<p>9 e 0 \u2013&nbsp;&nbsp;25\/01 (vencida), 24\/02, 24\/03, 24\/04, 24\/05<\/p>\n\n\n\n<p>Fonte: AEN PR.<\/p>\n","protected":false},"excerpt":{"rendered":"<div class=\"mh-excerpt\"><p>Os contribuintes com ve\u00edculos de placas com finais 5 e 6 devem pagar a segunda parcela do Imposto sobre Propriedade de Ve\u00edculos Automotores &#8211; IPVA <a class=\"mh-excerpt-more\" href=\"https:\/\/interessatb.com.br\/?p=2148\" title=\"Segunda parcela do IPVA 2023 dos ve\u00edculos com finais de placas 5 e 6 vence nesta quarta, 22\">[&#8230;]<\/a><\/p>\n<\/div>","protected":false},"author":1,"featured_media":2150,"comment_status":"closed","ping_status":"closed","sticky":false,"template":"","format":"standard","meta":{"footnotes":""},"categories":[12,14],"tags":[],"class_list":["post-2148","post","type-post","status-publish","format-standard","has-post-thumbnail","hentry","category-parana","category-regiao"],"_links":{"self":[{"href":"https:\/\/interessatb.com.br\/index.php?rest_route=\/wp\/v2\/posts\/2148","targetHints":{"allow":["GET"]}}],"collection":[{"href":"https:\/\/interessatb.com.br\/index.php?rest_route=\/wp\/v2\/posts"}],"about":[{"href":"https:\/\/interessatb.com.br\/index.php?rest_route=\/wp\/v2\/types\/post"}],"author":[{"embeddable":true,"href":"https:\/\/interessatb.com.br\/index.php?rest_route=\/wp\/v2\/users\/1"}],"replies":[{"embeddable":true,"href":"https:\/\/interessatb.com.br\/index.php?rest_route=%2Fwp%2Fv2%2Fcomments&post=2148"}],"version-history":[{"count":2,"href":"https:\/\/interessatb.com.br\/index.php?rest_route=\/wp\/v2\/posts\/2148\/revisions"}],"predecessor-version":[{"id":2151,"href":"https:\/\/interessatb.com.br\/index.php?rest_route=\/wp\/v2\/posts\/2148\/revisions\/2151"}],"wp:featuredmedia":[{"embeddable":true,"href":"https:\/\/interessatb.com.br\/index.php?rest_route=\/wp\/v2\/media\/2150"}],"wp:attachment":[{"href":"https:\/\/interessatb.com.br\/index.php?rest_route=%2Fwp%2Fv2%2Fmedia&parent=2148"}],"wp:term":[{"taxonomy":"category","embeddable":true,"href":"https:\/\/interessatb.com.br\/index.php?rest_route=%2Fwp%2Fv2%2Fcategories&post=2148"},{"taxonomy":"post_tag","embeddable":true,"href":"https:\/\/interessatb.com.br\/index.php?rest_route=%2Fwp%2Fv2%2Ftags&post=2148"}],"curies":[{"name":"wp","href":"https:\/\/api.w.org\/{rel}","templated":true}]}}