{"id":2154,"date":"2023-02-24T10:21:38","date_gmt":"2023-02-24T13:21:38","guid":{"rendered":"https:\/\/interessatb.com.br\/?p=2154"},"modified":"2023-02-24T10:32:17","modified_gmt":"2023-02-24T13:32:17","slug":"pr-340-que-liga-tibagi-e-castro-e-liberada-mas-autoridades-recomendam-evitar-o-trecho-ate-conclusao-das-obras","status":"publish","type":"post","link":"https:\/\/interessatb.com.br\/?p=2154","title":{"rendered":"Rodovia que liga Tibagi e Castro \u00e9 liberada, mas autoridades recomendam evitar o trecho no momento"},"content":{"rendered":"\n<p>Ap\u00f3s o deslizamento de terra que interditou o km 283 da rodovia estadual PR-340 na madrugada desta quinta-feira, 23, o trecho foi liberado no fim da tarde do mesmo dia com atua\u00e7\u00e3o da Prefeitura de Tibagi. O DER\/PR recomenda que os usu\u00e1rios tenham cautela e evitem o tr\u00e1fego na rodovia no momento.<\/p>\n\n\n\n<p>A prefeitura de Tibagi, por meio das secretarias de Transportes e Urbanismo e Obras P\u00fablicas, atuou com equipamentos para atender agricultores, moradores do Guartel\u00e1, e demais usu\u00e1rios da rodovia. As equipes conseguiram realizar a desobstru\u00e7\u00e3o completa do da pista, possibilitando o tr\u00e1fego nos dois sentidos.<\/p>\n\n\n\n<p><strong>Veja tamb\u00e9m<\/strong><\/p>\n\n\n\n<p><a href=\"https:\/\/interessatb.com.br\/?p=2148\">Segunda parcela do IPVA 2023 dos ve\u00edculos com finais de placas 5 e 6 vence nesta quarta, 22<\/a><\/p>\n\n\n\n<p><a href=\"https:\/\/interessatb.com.br\/?p=2128\">Pequenos produtores rurais recebem apoio do executivo municipal<\/a><\/p>\n\n\n\n<p>A partir desta sexta-feira, 24, os ve\u00edculos do DER\/PR ir\u00e3o executar os servi\u00e7os necess\u00e1rios. A Defesa Civil e a Pol\u00edcia Rodovi\u00e1ria Estadual tamb\u00e9m auxiliam nos trabalhos. O DER\/PR recomenda que os usu\u00e1rios tenham cautela e evitem o tr\u00e1fego na rodovia, utilizando como desvio a PR-151 e a BR-376. <\/p>\n\n\n\n<p>Segundo o governo do estado, caso seja verificada situa\u00e7\u00e3o adversa na rodovia, ainda n\u00e3o atendida ou monitorada, o usu\u00e1rio pode contatar a regional do DER\/PR mais pr\u00f3xima, ou a ouvidoria do departamento, bem como a Pol\u00edcia Rodovi\u00e1ria Estadual.&nbsp;<\/p>\n\n\n\n<p>De acordo com o Sistema Meteorol\u00f3gico do Paran\u00e1 (Simepar), as esta\u00e7\u00f5es de refer\u00eancia mais pr\u00f3ximas a Tibagi apontaram entre 130 mm e 157 mm de chuva nesta madrugada.<\/p>\n","protected":false},"excerpt":{"rendered":"<div class=\"mh-excerpt\"><p>Ap\u00f3s o deslizamento de terra que interditou o km 283 da rodovia estadual PR-340 na madrugada desta quinta-feira, 23, o trecho foi liberado no fim <a class=\"mh-excerpt-more\" href=\"https:\/\/interessatb.com.br\/?p=2154\" title=\"Rodovia que liga Tibagi e Castro \u00e9 liberada, mas autoridades recomendam evitar o trecho no momento\">[&#8230;]<\/a><\/p>\n<\/div>","protected":false},"author":1,"featured_media":2156,"comment_status":"closed","ping_status":"closed","sticky":false,"template":"","format":"standard","meta":{"footnotes":""},"categories":[14],"tags":[],"class_list":["post-2154","post","type-post","status-publish","format-standard","has-post-thumbnail","hentry","category-regiao"],"_links":{"self":[{"href":"https:\/\/interessatb.com.br\/index.php?rest_route=\/wp\/v2\/posts\/2154","targetHints":{"allow":["GET"]}}],"collection":[{"href":"https:\/\/interessatb.com.br\/index.php?rest_route=\/wp\/v2\/posts"}],"about":[{"href":"https:\/\/interessatb.com.br\/index.php?rest_route=\/wp\/v2\/types\/post"}],"author":[{"embeddable":true,"href":"https:\/\/interessatb.com.br\/index.php?rest_route=\/wp\/v2\/users\/1"}],"replies":[{"embeddable":true,"href":"https:\/\/interessatb.com.br\/index.php?rest_route=%2Fwp%2Fv2%2Fcomments&post=2154"}],"version-history":[{"count":10,"href":"https:\/\/interessatb.com.br\/index.php?rest_route=\/wp\/v2\/posts\/2154\/revisions"}],"predecessor-version":[{"id":2166,"href":"https:\/\/interessatb.com.br\/index.php?rest_route=\/wp\/v2\/posts\/2154\/revisions\/2166"}],"wp:featuredmedia":[{"embeddable":true,"href":"https:\/\/interessatb.com.br\/index.php?rest_route=\/wp\/v2\/media\/2156"}],"wp:attachment":[{"href":"https:\/\/interessatb.com.br\/index.php?rest_route=%2Fwp%2Fv2%2Fmedia&parent=2154"}],"wp:term":[{"taxonomy":"category","embeddable":true,"href":"https:\/\/interessatb.com.br\/index.php?rest_route=%2Fwp%2Fv2%2Fcategories&post=2154"},{"taxonomy":"post_tag","embeddable":true,"href":"https:\/\/interessatb.com.br\/index.php?rest_route=%2Fwp%2Fv2%2Ftags&post=2154"}],"curies":[{"name":"wp","href":"https:\/\/api.w.org\/{rel}","templated":true}]}}