{"id":2219,"date":"2023-03-05T12:01:37","date_gmt":"2023-03-05T15:01:37","guid":{"rendered":"https:\/\/interessatb.com.br\/?p=2219"},"modified":"2023-03-19T07:25:10","modified_gmt":"2023-03-19T10:25:10","slug":"uepg-realiza-primeira-formatura-de-direito-em-polo-de-telemaco-borba","status":"publish","type":"post","link":"https:\/\/interessatb.com.br\/?p=2219","title":{"rendered":"UEPG realiza primeira formatura de Direito em polo de Tel\u00eamaco Borba"},"content":{"rendered":"\n<p>A Universidade Estadual de Ponta Grossa (UEPG) realiza, em 16 de mar\u00e7o, a primeira formatura institucional no polo de Tel\u00eamaco Borba. Ser\u00e3o 23 formandos do curso de Direito, que iniciaram os estudos na institui\u00e7\u00e3o em 2018.&nbsp;A solenidade acontecer\u00e1 a partir das 19h, na Casa da Cultura (Av. Chanceler Hor\u00e1cio Laffer, n\u00ba 1160 \u2013 centro \u2013 Tel\u00eamaco Borba).<\/p>\n\n\n\n<p><strong>Veja tamb\u00e9m<\/strong><\/p>\n\n\n\n<p><a href=\"https:\/\/interessatb.com.br\/?p=2205\">Curso de Tecnologia em Seguran\u00e7a P\u00fablica \u00e9 ofertado pela UEPG\/UAB para Tel\u00eamaco Borba, com inscri\u00e7\u00f5es at\u00e9 20 de mar\u00e7o<\/a><\/p>\n\n\n\n<p><a href=\"https:\/\/interessatb.com.br\/?p=2169\">Prefeitura de Tel\u00eamaco Borba abre Edital PSS de est\u00e1gio remunerado para os n\u00edveis M\u00e9dio, T\u00e9cnico e Superior<\/a><\/p>\n\n\n\n<p>O diretor do Campus de Tel\u00eamaco Borba, professor Kleber Cazzaro, comemora a formatura da primeira turma. \u201cUm curso de excel\u00eancia e que agora apresenta \u00e0 sociedade mais esses formandos que saem aptos a enfrentar o mercado de trabalho em todos os ramos que o conhecimento jur\u00eddico permite atuar\u201d, destaca. O professor n\u00e3o esconde o orgulho que sente da turma. \u201cEsperamos que todos tenham sucesso no novo ciclo de caminhada da vida profissional\u201d.<\/p>\n\n\n\n<blockquote class=\"wp-block-quote is-layout-flow wp-block-quote-is-layout-flow\">\n<p>Fonte: Divulga\u00e7\u00e3o UEPG | Texto e foto: J\u00e9ssica Natal<\/p>\n<\/blockquote>\n","protected":false},"excerpt":{"rendered":"<div class=\"mh-excerpt\"><p>A Universidade Estadual de Ponta Grossa (UEPG) realiza, em 16 de mar\u00e7o, a primeira formatura institucional no polo de Tel\u00eamaco Borba. Ser\u00e3o 23 formandos do <a class=\"mh-excerpt-more\" href=\"https:\/\/interessatb.com.br\/?p=2219\" title=\"UEPG realiza primeira formatura de Direito em polo de Tel\u00eamaco Borba\">[&#8230;]<\/a><\/p>\n<\/div>","protected":false},"author":1,"featured_media":2220,"comment_status":"closed","ping_status":"closed","sticky":false,"template":"","format":"standard","meta":{"footnotes":""},"categories":[2,5],"tags":[],"class_list":["post-2219","post","type-post","status-publish","format-standard","has-post-thumbnail","hentry","category-cidade","category-educacao"],"_links":{"self":[{"href":"https:\/\/interessatb.com.br\/index.php?rest_route=\/wp\/v2\/posts\/2219","targetHints":{"allow":["GET"]}}],"collection":[{"href":"https:\/\/interessatb.com.br\/index.php?rest_route=\/wp\/v2\/posts"}],"about":[{"href":"https:\/\/interessatb.com.br\/index.php?rest_route=\/wp\/v2\/types\/post"}],"author":[{"embeddable":true,"href":"https:\/\/interessatb.com.br\/index.php?rest_route=\/wp\/v2\/users\/1"}],"replies":[{"embeddable":true,"href":"https:\/\/interessatb.com.br\/index.php?rest_route=%2Fwp%2Fv2%2Fcomments&post=2219"}],"version-history":[{"count":1,"href":"https:\/\/interessatb.com.br\/index.php?rest_route=\/wp\/v2\/posts\/2219\/revisions"}],"predecessor-version":[{"id":2221,"href":"https:\/\/interessatb.com.br\/index.php?rest_route=\/wp\/v2\/posts\/2219\/revisions\/2221"}],"wp:featuredmedia":[{"embeddable":true,"href":"https:\/\/interessatb.com.br\/index.php?rest_route=\/wp\/v2\/media\/2220"}],"wp:attachment":[{"href":"https:\/\/interessatb.com.br\/index.php?rest_route=%2Fwp%2Fv2%2Fmedia&parent=2219"}],"wp:term":[{"taxonomy":"category","embeddable":true,"href":"https:\/\/interessatb.com.br\/index.php?rest_route=%2Fwp%2Fv2%2Fcategories&post=2219"},{"taxonomy":"post_tag","embeddable":true,"href":"https:\/\/interessatb.com.br\/index.php?rest_route=%2Fwp%2Fv2%2Ftags&post=2219"}],"curies":[{"name":"wp","href":"https:\/\/api.w.org\/{rel}","templated":true}]}}