{"id":2255,"date":"2023-03-19T06:35:00","date_gmt":"2023-03-19T09:35:00","guid":{"rendered":"https:\/\/interessatb.com.br\/?p=2255"},"modified":"2023-03-19T07:36:09","modified_gmt":"2023-03-19T10:36:09","slug":"atleta-de-tibagi-quebra-recorde-e-e-campeao-brasileiro-de-powerlifting","status":"publish","type":"post","link":"https:\/\/interessatb.com.br\/?p=2255","title":{"rendered":"Atleta de Tibagi quebra recorde e \u00e9 campe\u00e3o brasileiro de powerlifting"},"content":{"rendered":"\n<p>O jovem Kaian Campos se tornou campe\u00e3o brasileiro de powerlifting cl\u00e1ssico em 2023 na categoria j\u00fanior at\u00e9 53 kg. O atleta recebeu apoio da Prefeitura de Tibagi, atrav\u00e9s da Secretaria de Esporte e Recrea\u00e7\u00e3o Orientada (SERO), e fez parte da comitiva de atletas e t\u00e9cnico enviados para a competi\u00e7\u00e3o.<\/p>\n\n\n\n<p>Powerlifting \u00e9 um esporte de for\u00e7a, cujo objetivo do atleta \u00e9 levantar o maior peso poss\u00edvel em cada um dos movimentos pelos quais este esporte \u00e9 composto: agachamento, supino e o peso morto.<\/p>\n\n\n\n<p>O Campeonato Brasileiro de Powerlifing Cl\u00e1ssico 2023 foi disputado na cidade de Ribeir\u00e3o Preto-SP dos dias 1\u00ba a 5 de mar\u00e7o. Al\u00e9m de conquistar o primeiro lugar em sua categoria, Kaian Campos tamb\u00e9m quebrou o recorde brasileiro no levantamento terra ao conseguir levantar 165 Kg.<\/p>\n\n\n\n<p>O atleta tibagiano Luiz Cordeiro tamb\u00e9m participou da disputa na categoria j\u00fanior at\u00e9 74 kg. Ele conquistou um bom resultado e terminou na quinta posi\u00e7\u00e3o. De acordo com o treinador Ney Campos, que acompanhou os atletas, ambos fecharam o campeonato com um resultado super positivo, aumentando suas marcas a cada competi\u00e7\u00e3o.<\/p>\n\n\n\n<p>Texto: Assessoria de Comunica\u00e7\u00e3o Prefeitura de Tibagi<\/p>\n","protected":false},"excerpt":{"rendered":"<div class=\"mh-excerpt\"><p>O jovem Kaian Campos se tornou campe\u00e3o brasileiro de powerlifting cl\u00e1ssico em 2023 na categoria j\u00fanior at\u00e9 53 kg. O atleta recebeu apoio da Prefeitura <a class=\"mh-excerpt-more\" href=\"https:\/\/interessatb.com.br\/?p=2255\" title=\"Atleta de Tibagi quebra recorde e \u00e9 campe\u00e3o brasileiro de powerlifting\">[&#8230;]<\/a><\/p>\n<\/div>","protected":false},"author":1,"featured_media":2256,"comment_status":"closed","ping_status":"closed","sticky":false,"template":"","format":"standard","meta":{"footnotes":""},"categories":[7,14],"tags":[],"class_list":["post-2255","post","type-post","status-publish","format-standard","has-post-thumbnail","hentry","category-esporte","category-regiao"],"_links":{"self":[{"href":"https:\/\/interessatb.com.br\/index.php?rest_route=\/wp\/v2\/posts\/2255","targetHints":{"allow":["GET"]}}],"collection":[{"href":"https:\/\/interessatb.com.br\/index.php?rest_route=\/wp\/v2\/posts"}],"about":[{"href":"https:\/\/interessatb.com.br\/index.php?rest_route=\/wp\/v2\/types\/post"}],"author":[{"embeddable":true,"href":"https:\/\/interessatb.com.br\/index.php?rest_route=\/wp\/v2\/users\/1"}],"replies":[{"embeddable":true,"href":"https:\/\/interessatb.com.br\/index.php?rest_route=%2Fwp%2Fv2%2Fcomments&post=2255"}],"version-history":[{"count":1,"href":"https:\/\/interessatb.com.br\/index.php?rest_route=\/wp\/v2\/posts\/2255\/revisions"}],"predecessor-version":[{"id":2257,"href":"https:\/\/interessatb.com.br\/index.php?rest_route=\/wp\/v2\/posts\/2255\/revisions\/2257"}],"wp:featuredmedia":[{"embeddable":true,"href":"https:\/\/interessatb.com.br\/index.php?rest_route=\/wp\/v2\/media\/2256"}],"wp:attachment":[{"href":"https:\/\/interessatb.com.br\/index.php?rest_route=%2Fwp%2Fv2%2Fmedia&parent=2255"}],"wp:term":[{"taxonomy":"category","embeddable":true,"href":"https:\/\/interessatb.com.br\/index.php?rest_route=%2Fwp%2Fv2%2Fcategories&post=2255"},{"taxonomy":"post_tag","embeddable":true,"href":"https:\/\/interessatb.com.br\/index.php?rest_route=%2Fwp%2Fv2%2Ftags&post=2255"}],"curies":[{"name":"wp","href":"https:\/\/api.w.org\/{rel}","templated":true}]}}