{"id":2277,"date":"2023-03-30T09:05:12","date_gmt":"2023-03-30T12:05:12","guid":{"rendered":"https:\/\/interessatb.com.br\/?p=2277"},"modified":"2023-03-30T09:25:15","modified_gmt":"2023-03-30T12:25:15","slug":"secretaria-de-saude-aplicara-vacina-pfizer-pediatrica-nesta-quinta-30-para-criancas-de-05-a-11-anos-de-idade","status":"publish","type":"post","link":"https:\/\/interessatb.com.br\/?p=2277","title":{"rendered":"Secretaria de Sa\u00fade aplicar\u00e1 vacina Pfizer Pedi\u00e1trica nesta quinta, 30, para crian\u00e7as de 05 a 11 anos de idade"},"content":{"rendered":"\n<p>A Secretaria Municipal de Sa\u00fade (SMS) informa que nesta quinta-feira (30) tamb\u00e9m far\u00e1 a aplica\u00e7\u00e3o da vacina Pfizer Pedi\u00e1trica, destinada a crian\u00e7as de 05 a 11 anos de idade, primeira dose, segunda dose e dose de refor\u00e7o (4 meses ap\u00f3s a segunda dose). A vacina\u00e7\u00e3o \u00e9 feita na Unidade B\u00e1sica de Sa\u00fade (UBS) de refer\u00eancia, das 09 \u00e0s 16 horas.<\/p>\n\n\n\n<p>Al\u00e9m da vacina Pfizer Pedi\u00e1trica, tamb\u00e9m ser\u00e1 feita as vacinas normais de ter\u00e7as e quintas-feiras como primeira dose de refor\u00e7o para pessoas 12 anos ou mais, segunda dose de refor\u00e7o para pessoas com 18 anos ou mais e dose bivalente para pessoas com 60 anos ou mais, ILP, profissionais da sa\u00fade, imunossuprimidos e\/ou pessoas com defici\u00eancia permanente com 12 anos ou mais, gestantes ou pu\u00e9rperas.<\/p>\n\n\n\n<p><em>Fonte: Comunica\u00e7\u00e3o PMTB.<\/em><\/p>\n","protected":false},"excerpt":{"rendered":"<div class=\"mh-excerpt\"><p>A Secretaria Municipal de Sa\u00fade (SMS) informa que nesta quinta-feira (30) tamb\u00e9m far\u00e1 a aplica\u00e7\u00e3o da vacina Pfizer Pedi\u00e1trica, destinada a crian\u00e7as de 05 a <a class=\"mh-excerpt-more\" href=\"https:\/\/interessatb.com.br\/?p=2277\" title=\"Secretaria de Sa\u00fade aplicar\u00e1 vacina Pfizer Pedi\u00e1trica nesta quinta, 30, para crian\u00e7as de 05 a 11 anos de idade\">[&#8230;]<\/a><\/p>\n<\/div>","protected":false},"author":1,"featured_media":2278,"comment_status":"closed","ping_status":"closed","sticky":false,"template":"","format":"standard","meta":{"footnotes":""},"categories":[2],"tags":[],"class_list":["post-2277","post","type-post","status-publish","format-standard","has-post-thumbnail","hentry","category-cidade"],"_links":{"self":[{"href":"https:\/\/interessatb.com.br\/index.php?rest_route=\/wp\/v2\/posts\/2277","targetHints":{"allow":["GET"]}}],"collection":[{"href":"https:\/\/interessatb.com.br\/index.php?rest_route=\/wp\/v2\/posts"}],"about":[{"href":"https:\/\/interessatb.com.br\/index.php?rest_route=\/wp\/v2\/types\/post"}],"author":[{"embeddable":true,"href":"https:\/\/interessatb.com.br\/index.php?rest_route=\/wp\/v2\/users\/1"}],"replies":[{"embeddable":true,"href":"https:\/\/interessatb.com.br\/index.php?rest_route=%2Fwp%2Fv2%2Fcomments&post=2277"}],"version-history":[{"count":1,"href":"https:\/\/interessatb.com.br\/index.php?rest_route=\/wp\/v2\/posts\/2277\/revisions"}],"predecessor-version":[{"id":2279,"href":"https:\/\/interessatb.com.br\/index.php?rest_route=\/wp\/v2\/posts\/2277\/revisions\/2279"}],"wp:featuredmedia":[{"embeddable":true,"href":"https:\/\/interessatb.com.br\/index.php?rest_route=\/wp\/v2\/media\/2278"}],"wp:attachment":[{"href":"https:\/\/interessatb.com.br\/index.php?rest_route=%2Fwp%2Fv2%2Fmedia&parent=2277"}],"wp:term":[{"taxonomy":"category","embeddable":true,"href":"https:\/\/interessatb.com.br\/index.php?rest_route=%2Fwp%2Fv2%2Fcategories&post=2277"},{"taxonomy":"post_tag","embeddable":true,"href":"https:\/\/interessatb.com.br\/index.php?rest_route=%2Fwp%2Fv2%2Ftags&post=2277"}],"curies":[{"name":"wp","href":"https:\/\/api.w.org\/{rel}","templated":true}]}}