{"id":228,"date":"2021-08-11T08:03:42","date_gmt":"2021-08-11T11:03:42","guid":{"rendered":"https:\/\/interessatb.com.br\/?p=228"},"modified":"2022-08-21T11:12:54","modified_gmt":"2022-08-21T14:12:54","slug":"vacinacao-para-pessoas-com-29-anos-ou-mais-nesta-quarta-feira-11","status":"publish","type":"post","link":"https:\/\/interessatb.com.br\/?p=228","title":{"rendered":"Vacina\u00e7\u00e3o para pessoas com 29 anos ou mais nesta quarta-feira, 11"},"content":{"rendered":"\n<p>Tel\u00eamaco Borba atinge a faixa et\u00e1ria de 29 anos para a vacina\u00e7\u00e3o contra a COVID-19. Nesta quarta-feira, 11, pessoas com 29 anos ou mais podem se dirigir \u00e0s UBS (Unidades B\u00e1sicas de Sa\u00fade), populares postos de sa\u00fade, para tomar sua dose. O atendimento ser\u00e1 das 9 horas \u00e0s 16 horas.<\/p>\n\n\n<div class=\"wp-block-image\">\n<figure class=\"alignleft size-full\"><img loading=\"lazy\" decoding=\"async\" width=\"300\" height=\"250\" src=\"http:\/\/interessatb.com.br\/wp-content\/uploads\/2022\/03\/baixa_resolucao_castelo.png\" alt=\"\" class=\"wp-image-987\"\/><\/figure>\n<\/div>\n\n\n<p>A vacina\u00e7\u00e3o acontecer\u00e1 enquanto existirem doses dispon\u00edveis. \u00c9 necess\u00e1rio apresentar documento pessoal com foto, CPF e cart\u00e3o de vacina. Embora os casos no munic\u00edpio tenham recuado significativamente, a vacina\u00e7\u00e3o \u00e9 imprescind\u00edvel. Em conjunto com as outras medidas de conten\u00e7\u00e3o da pandemia, como a higieniza\u00e7\u00e3o das m\u00e3os com sab\u00e3o ou \u00e1lcool em gel, uso de m\u00e1scaras e evitar aglomera\u00e7\u00f5es, a vacina\u00e7\u00e3o teve papel preponderante na redu\u00e7\u00e3o dos casos registrados.<\/p>\n\n\n\n<p><strong>Veja tamb\u00e9m<\/strong><\/p>\n\n\n\n<p><a href=\"https:\/\/interessatb.com.br\/2021\/08\/08\/telemaco-borba-apresenta-pela-primeira-vez-mais-recuperados-da-covid-19-que-o-numero-de-casos-registrados-este-ano\/\">Tel\u00eamaco Borba apresenta pela primeira vez mais recuperados da COVID-19 que o n\u00famero de casos registrados este ano<\/a><\/p>\n\n\n\n<p><a href=\"https:\/\/interessatb.com.br\/2021\/07\/28\/ortigueira-apresenta-o-menor-numero-de-casos-registrados-de-covid-19-desde-janeiro-deste-ano\/\">Ortigueira apresenta o menor n\u00famero de casos registrados de Covid-19 desde janeiro<\/a> <a href=\"https:\/\/interessatb.com.br\/2021\/07\/28\/ortigueira-apresenta-o-menor-numero-de-casos-registrados-de-covid-19-desde-janeiro-deste-ano\/\">deste ano<\/a><\/p>\n","protected":false},"excerpt":{"rendered":"<div class=\"mh-excerpt\"><p>Tel\u00eamaco Borba atinge a faixa et\u00e1ria de 29 anos para a vacina\u00e7\u00e3o contra a COVID-19. Nesta quarta-feira, 11, pessoas com 29 anos ou mais podem <a class=\"mh-excerpt-more\" href=\"https:\/\/interessatb.com.br\/?p=228\" title=\"Vacina\u00e7\u00e3o para pessoas com 29 anos ou mais nesta quarta-feira, 11\">[&#8230;]<\/a><\/p>\n<\/div>","protected":false},"author":1,"featured_media":1256,"comment_status":"closed","ping_status":"closed","sticky":false,"template":"","format":"standard","meta":{"footnotes":""},"categories":[2,15],"tags":[],"class_list":["post-228","post","type-post","status-publish","format-standard","has-post-thumbnail","hentry","category-cidade","category-saude"],"_links":{"self":[{"href":"https:\/\/interessatb.com.br\/index.php?rest_route=\/wp\/v2\/posts\/228","targetHints":{"allow":["GET"]}}],"collection":[{"href":"https:\/\/interessatb.com.br\/index.php?rest_route=\/wp\/v2\/posts"}],"about":[{"href":"https:\/\/interessatb.com.br\/index.php?rest_route=\/wp\/v2\/types\/post"}],"author":[{"embeddable":true,"href":"https:\/\/interessatb.com.br\/index.php?rest_route=\/wp\/v2\/users\/1"}],"replies":[{"embeddable":true,"href":"https:\/\/interessatb.com.br\/index.php?rest_route=%2Fwp%2Fv2%2Fcomments&post=228"}],"version-history":[{"count":2,"href":"https:\/\/interessatb.com.br\/index.php?rest_route=\/wp\/v2\/posts\/228\/revisions"}],"predecessor-version":[{"id":1258,"href":"https:\/\/interessatb.com.br\/index.php?rest_route=\/wp\/v2\/posts\/228\/revisions\/1258"}],"wp:featuredmedia":[{"embeddable":true,"href":"https:\/\/interessatb.com.br\/index.php?rest_route=\/wp\/v2\/media\/1256"}],"wp:attachment":[{"href":"https:\/\/interessatb.com.br\/index.php?rest_route=%2Fwp%2Fv2%2Fmedia&parent=228"}],"wp:term":[{"taxonomy":"category","embeddable":true,"href":"https:\/\/interessatb.com.br\/index.php?rest_route=%2Fwp%2Fv2%2Fcategories&post=228"},{"taxonomy":"post_tag","embeddable":true,"href":"https:\/\/interessatb.com.br\/index.php?rest_route=%2Fwp%2Fv2%2Ftags&post=228"}],"curies":[{"name":"wp","href":"https:\/\/api.w.org\/{rel}","templated":true}]}}