{"id":2290,"date":"2023-04-08T17:40:00","date_gmt":"2023-04-08T20:40:00","guid":{"rendered":"https:\/\/interessatb.com.br\/?p=2290"},"modified":"2023-04-08T17:44:47","modified_gmt":"2023-04-08T20:44:47","slug":"ecossistema-de-inovacao-e-debatido-por-liderancas-da-regiao-em-workshop","status":"publish","type":"post","link":"https:\/\/interessatb.com.br\/?p=2290","title":{"rendered":"Ecossistema de Inova\u00e7\u00e3o \u00e9 debatido por lideran\u00e7as da regi\u00e3o, em workshop"},"content":{"rendered":"\n<p>Aconteceu na manh\u00e3 desta ter\u00e7a-feira, 04, no audit\u00f3rio da Acitel, o primeiro Workshop do Ecossistema de Inova\u00e7\u00e3o Vale Do Tibagi. A a\u00e7\u00e3o foi promovida por um grupo de lideran\u00e7as da regi\u00e3o, sob a coordena\u00e7\u00e3o do Sebrae\/PR, e este foi o primeiro encontro dos quatro programados a princ\u00edpio.<\/p>\n\n\n\n<p>O objetivo destes encontros \u00e9 mapear e estimular atores de inova\u00e7\u00e3o a promover sinergia entre empresas, institui\u00e7\u00f5es e poder p\u00fablico nas iniciativas, debates, a\u00e7\u00f5es e estudos voltados \u00e0 inova\u00e7\u00e3o de Tel\u00eamaco Borba e mais oito munic\u00edpios que integram o territ\u00f3rio: Arapoti, Ortigueira, Tibagi, Reserva, Iva\u00ed, Ventania, Curi\u00fava e Imba\u00fa. <\/p>\n\n\n\n<p>Os parceiros que j\u00e1 integram o movimento desde o primeiro workshop s\u00e3o Associa\u00e7\u00e3o Comercial e Empresarial de Tel\u00eamaco Borba (Acitel), Prefeitura Municipal de Tel\u00eamaco Borba, Polo Digital Gralha Azul, Senai, Senac, Universidade Estadual de Ponta Grossa (UEPG), Instituto Federal do Paran\u00e1 (IFPR), Unifateb e Comit\u00ea Territorial Vale do Tibagi. A governan\u00e7a deste movimento ser\u00e1 constru\u00edda entre os participantes, ao longo dos encontros.<\/p>\n\n\n\n<p><strong>Veja tamb\u00e9m<\/strong><\/p>\n\n\n\n<p><a href=\"https:\/\/interessatb.com.br\/?p=2280\">Prefeitura de Tibagi realiza leil\u00e3o de bens inserv\u00edveis on-line, dia 19 de abril<\/a><\/p>\n\n\n\n<p><a href=\"https:\/\/interessatb.com.br\/?p=2283\">Paran\u00e1 se prepara para simplificar abertura de empresas dentro do estado<\/a><\/p>\n\n\n\n<p>De acordo o consultor do Sebrae\/PR, Jos\u00e9 Ruiter Cordeiro Junior \u201cPosteriormente ao mapeamento dos atores, iremos identificar qual \u00e9 a voca\u00e7\u00e3o da regi\u00e3o, tra\u00e7aremos um plano de a\u00e7\u00e3o que atenda aos anseios e \u00e0s necessidades dos envolvidos e, a partir disso, ser\u00e1 formada a governan\u00e7a para a execu\u00e7\u00e3o das a\u00e7\u00f5es\u201d.<\/p>\n\n\n\n<p>O pr\u00f3ximos workshops est\u00e3o programados para 18 de abril, 02 de maio e 16 de maio, sempre das 9:00hs \u00e0s 12:00hs no audit\u00f3rio da Acitel. Interessados em participar da estrutura\u00e7\u00e3o do ecossistema de inova\u00e7\u00e3o do Vale do Tibagi podem entrar em contato com o consultor Ruiter, pelo telefone (42) 99109-7240. <\/p>\n","protected":false},"excerpt":{"rendered":"<div class=\"mh-excerpt\"><p>Aconteceu na manh\u00e3 desta ter\u00e7a-feira, 04, no audit\u00f3rio da Acitel, o primeiro Workshop do Ecossistema de Inova\u00e7\u00e3o Vale Do Tibagi. A a\u00e7\u00e3o foi promovida por <a class=\"mh-excerpt-more\" href=\"https:\/\/interessatb.com.br\/?p=2290\" title=\"Ecossistema de Inova\u00e7\u00e3o \u00e9 debatido por lideran\u00e7as da regi\u00e3o, em workshop\">[&#8230;]<\/a><\/p>\n<\/div>","protected":false},"author":1,"featured_media":2291,"comment_status":"closed","ping_status":"closed","sticky":false,"template":"","format":"standard","meta":{"footnotes":""},"categories":[18,20,14],"tags":[],"class_list":["post-2290","post","type-post","status-publish","format-standard","has-post-thumbnail","hentry","category-ciencia-e-tecnologia","category-industria-e-comercio","category-regiao"],"_links":{"self":[{"href":"https:\/\/interessatb.com.br\/index.php?rest_route=\/wp\/v2\/posts\/2290","targetHints":{"allow":["GET"]}}],"collection":[{"href":"https:\/\/interessatb.com.br\/index.php?rest_route=\/wp\/v2\/posts"}],"about":[{"href":"https:\/\/interessatb.com.br\/index.php?rest_route=\/wp\/v2\/types\/post"}],"author":[{"embeddable":true,"href":"https:\/\/interessatb.com.br\/index.php?rest_route=\/wp\/v2\/users\/1"}],"replies":[{"embeddable":true,"href":"https:\/\/interessatb.com.br\/index.php?rest_route=%2Fwp%2Fv2%2Fcomments&post=2290"}],"version-history":[{"count":14,"href":"https:\/\/interessatb.com.br\/index.php?rest_route=\/wp\/v2\/posts\/2290\/revisions"}],"predecessor-version":[{"id":2305,"href":"https:\/\/interessatb.com.br\/index.php?rest_route=\/wp\/v2\/posts\/2290\/revisions\/2305"}],"wp:featuredmedia":[{"embeddable":true,"href":"https:\/\/interessatb.com.br\/index.php?rest_route=\/wp\/v2\/media\/2291"}],"wp:attachment":[{"href":"https:\/\/interessatb.com.br\/index.php?rest_route=%2Fwp%2Fv2%2Fmedia&parent=2290"}],"wp:term":[{"taxonomy":"category","embeddable":true,"href":"https:\/\/interessatb.com.br\/index.php?rest_route=%2Fwp%2Fv2%2Fcategories&post=2290"},{"taxonomy":"post_tag","embeddable":true,"href":"https:\/\/interessatb.com.br\/index.php?rest_route=%2Fwp%2Fv2%2Ftags&post=2290"}],"curies":[{"name":"wp","href":"https:\/\/api.w.org\/{rel}","templated":true}]}}