{"id":2319,"date":"2023-04-25T06:53:57","date_gmt":"2023-04-25T09:53:57","guid":{"rendered":"https:\/\/interessatb.com.br\/?p=2319"},"modified":"2023-04-29T07:18:47","modified_gmt":"2023-04-29T10:18:47","slug":"jardim-bandeirantes-e-area-3-poderao-ficar-sem-abastecimento-nesta-terca-feira-25-informa-a-sanepar","status":"publish","type":"post","link":"https:\/\/interessatb.com.br\/?p=2319","title":{"rendered":"Jardim Bandeirantes e \u00c1rea 3 poder\u00e3o ficar sem abastecimento nesta ter\u00e7a-feira, 25, informa a Sanepar"},"content":{"rendered":"\n<p>A Sanepar informa que, na pr\u00f3xima ter\u00e7a-feira, 25, far\u00e1 em Tel\u00eamaco Borba a interliga\u00e7\u00e3o de redes de abastecimento, entre as 8 e as 18 horas. As interliga\u00e7\u00f5es fazem parte das obras de amplia\u00e7\u00e3o do sistema de abastecimento de \u00e1gua que est\u00e3o em curso na cidade. Poder\u00e1 ocorrer oscila\u00e7\u00e3o de press\u00e3o ou falta de \u00e1gua tempor\u00e1ria na \u00c1rea 3 e no Jardim Bandeirantes. A previs\u00e3o \u00e9 a de que o abastecimento volte \u00e0 normalidade por volta das 20 horas, de forma gradativa<strong>.<\/strong><\/p>\n\n\n\n<p>Em situa\u00e7\u00f5es como esta, a orienta\u00e7\u00e3o \u00e9 priorizar o uso da \u00e1gua para alimenta\u00e7\u00e3o e higiene pessoal, sem desperd\u00edcios. Atividades que demandam grande volume de \u00e1gua devem ser adiadas.<\/p>\n\n\n\n<p>S\u00f3 ficar\u00e3o sem \u00e1gua os clientes que n\u00e3o t\u00eam caixa-d\u2019\u00e1gua no im\u00f3vel, conforme recomenda\u00e7\u00e3o da ABNT (Associa\u00e7\u00e3o Brasileira de Normas T\u00e9cnicas). A Sanepar sugere que cada im\u00f3vel tenha uma caixa-d\u2019\u00e1gua de pelo menos 500 litros. Assim, \u00e9 poss\u00edvel ter \u00e1gua por 24 horas, no m\u00ednimo.<\/p>\n\n\n\n<p>O Servi\u00e7o de Atendimento ao Cliente Sanepar \u00e9 feito pelo telefone 0800 200 0115, que funciona 24 horas. Ao ligar, tenha em m\u00e3os a conta de \u00e1gua ou o n\u00famero de sua matr\u00edcula.<\/p>\n\n\n\n<p>Para consultar esta e outras informa\u00e7\u00f5es, utilize o aplicativo para celular Sanepar Mobile ou acesse o site da Sanepar:&nbsp;<a rel=\"noreferrer noopener\" href=\"http:\/\/www.sanepar.com.br\/\" target=\"_blank\">www.sanepar.com.br<\/a><\/p>\n\n\n\n<p><em>Fonte: Comunica\u00e7\u00e3o PMTB (apud Assessoria de Imprensa da Sanepar)<\/em><\/p>\n","protected":false},"excerpt":{"rendered":"<div class=\"mh-excerpt\"><p>A Sanepar informa que, na pr\u00f3xima ter\u00e7a-feira, 25, far\u00e1 em Tel\u00eamaco Borba a interliga\u00e7\u00e3o de redes de abastecimento, entre as 8 e as 18 horas. <a class=\"mh-excerpt-more\" href=\"https:\/\/interessatb.com.br\/?p=2319\" title=\"Jardim Bandeirantes e \u00c1rea 3 poder\u00e3o ficar sem abastecimento nesta ter\u00e7a-feira, 25, informa a Sanepar\">[&#8230;]<\/a><\/p>\n<\/div>","protected":false},"author":1,"featured_media":2320,"comment_status":"closed","ping_status":"closed","sticky":false,"template":"","format":"standard","meta":{"footnotes":""},"categories":[2],"tags":[],"class_list":["post-2319","post","type-post","status-publish","format-standard","has-post-thumbnail","hentry","category-cidade"],"_links":{"self":[{"href":"https:\/\/interessatb.com.br\/index.php?rest_route=\/wp\/v2\/posts\/2319","targetHints":{"allow":["GET"]}}],"collection":[{"href":"https:\/\/interessatb.com.br\/index.php?rest_route=\/wp\/v2\/posts"}],"about":[{"href":"https:\/\/interessatb.com.br\/index.php?rest_route=\/wp\/v2\/types\/post"}],"author":[{"embeddable":true,"href":"https:\/\/interessatb.com.br\/index.php?rest_route=\/wp\/v2\/users\/1"}],"replies":[{"embeddable":true,"href":"https:\/\/interessatb.com.br\/index.php?rest_route=%2Fwp%2Fv2%2Fcomments&post=2319"}],"version-history":[{"count":2,"href":"https:\/\/interessatb.com.br\/index.php?rest_route=\/wp\/v2\/posts\/2319\/revisions"}],"predecessor-version":[{"id":2337,"href":"https:\/\/interessatb.com.br\/index.php?rest_route=\/wp\/v2\/posts\/2319\/revisions\/2337"}],"wp:featuredmedia":[{"embeddable":true,"href":"https:\/\/interessatb.com.br\/index.php?rest_route=\/wp\/v2\/media\/2320"}],"wp:attachment":[{"href":"https:\/\/interessatb.com.br\/index.php?rest_route=%2Fwp%2Fv2%2Fmedia&parent=2319"}],"wp:term":[{"taxonomy":"category","embeddable":true,"href":"https:\/\/interessatb.com.br\/index.php?rest_route=%2Fwp%2Fv2%2Fcategories&post=2319"},{"taxonomy":"post_tag","embeddable":true,"href":"https:\/\/interessatb.com.br\/index.php?rest_route=%2Fwp%2Fv2%2Ftags&post=2319"}],"curies":[{"name":"wp","href":"https:\/\/api.w.org\/{rel}","templated":true}]}}